{"id":6555,"date":"2026-09-03T08:21:48","date_gmt":"2026-09-03T13:21:48","guid":{"rendered":"https:\/\/colegioaleman.edu.co\/?p=6555"},"modified":"2026-09-03T10:07:08","modified_gmt":"2026-09-03T15:07:08","slug":"olimpiada-internacional-de-matematicas-2026","status":"publish","type":"post","link":"https:\/\/colegioaleman.edu.co\/en\/noticias\/olimpiada-internacional-de-matematicas-2026\/","title":{"rendered":"Talento DSBaq destaca en la Olimpiada Internacional de Matem\u00e1ticas"},"content":{"rendered":"<div data-elementor-type=\"wp-post\" data-elementor-id=\"6555\" class=\"elementor elementor-6555\" data-elementor-post-type=\"post\">\n\t\t\t\t<div class=\"elementor-element elementor-element-b082c19 e-flex e-con-boxed e-con e-parent\" data-id=\"b082c19\" data-element_type=\"container\" data-e-type=\"container\">\n\t\t\t\t\t<div class=\"e-con-inner\">\n\t\t\t\t<div class=\"elementor-element elementor-element-d2e5e05 elementor-widget elementor-widget-text-editor\" data-id=\"d2e5e05\" data-element_type=\"widget\" data-e-type=\"widget\" data-widget_type=\"text-editor.default\">\n\t\t\t\t<div class=\"elementor-widget-container\">\n\t\t\t\t\t\t\t\t\t<p>La disciplina y la pasi\u00f3n por las matem\u00e1ticas de nuestros estudiantes contin\u00faan trascendiendo las aulas. Esta vez, <strong>Gabriel Santiago D\u00edazgranados (K12) y Juan Camilo Melgarejo Mart\u00ednez (K11)<\/strong> representaron a Colombia y al Colegio Alem\u00e1n de Barranquilla en la <strong>67.\u00aa Olimpiada Internacional de Matem\u00e1ticas (IMO 2026)<\/strong>, una de las competencias acad\u00e9micas m\u00e1s exigentes y reconocidas del mundo.<\/p><p>La competencia se llev\u00f3 a cabo en Shangh\u00e1i, China, reuniendo m\u00e1s de 600 j\u00f3venes de 117 pa\u00edses, quienes se enfrentaron a una serie de exigentes problemas que pusieron a prueba sus conocimientos, capacidad de razonamiento y habilidades para resolver problemas.<\/p><p><span style=\"font-size: 1rem;\">En este escenario, <\/span><strong style=\"font-size: 1rem;\">Gabriel obtuvo una medalla de bronce<\/strong><span style=\"font-size: 1rem;\">, mientras que <\/span><strong style=\"font-size: 1rem;\">Juan Camilo recibi\u00f3 una menci\u00f3n de honor<\/strong><span style=\"font-size: 1rem;\"> por su destacada participaci\u00f3n. Dos resultados que representan un gran motivo de orgullo para toda la comunidad del Colegio Alem\u00e1n de Barranquilla y que son, adem\u00e1s, el fruto de un proceso de preparaci\u00f3n y dedicaci\u00f3n que ambos estudiantes han construido durante varios a\u00f1os.<\/span><\/p><p><a style=\"color: #333366; background-color: #ffffff; font-size: 1rem;\" href=\"https:\/\/www.imo-official.org\/results\/individual\/country\/COL\/\" target=\"_blank\" rel=\"noopener\"><i>Ver resultados oficiales de la IMO 2026<\/i><\/a><\/p>\t\t\t\t\t\t\t\t<\/div>\n\t\t\t\t<\/div>\n\t\t\t\t<div class=\"elementor-element elementor-element-659e704 elementor-widget elementor-widget-text-editor\" data-id=\"659e704\" data-element_type=\"widget\" data-e-type=\"widget\" data-widget_type=\"text-editor.default\">\n\t\t\t\t<div class=\"elementor-widget-container\">\n\t\t\t\t\t\t\t\t\t<h4>La Olimpiada Internacional de Matem\u00e1ticas 2026, un reto de excelencia<\/h4><p class=\"isSelectedEnd\">Llegar a una competencia como la Olimpiada Internacional de Matem\u00e1ticas supone un importante desaf\u00edo acad\u00e9mico y requiere a\u00f1os de preparaci\u00f3n, perseverancia y gusto por resolver problemas que van m\u00e1s all\u00e1 de los contenidos habituales del aula.<\/p><p class=\"isSelectedEnd\">La participaci\u00f3n de Gabriel y Juan Camilo en la IMO 2026, as\u00ed como los reconocimientos obtenidos a lo largo de los a\u00f1os, son muestra de ese proceso y del talento que nuestros estudiantes desarrollan cuando encuentran espacios para explorar sus intereses, asumir desaf\u00edos y llevar sus capacidades a nuevos escenarios.<\/p><p class=\"isSelectedEnd\">Para el Colegio Alem\u00e1n de Barranquilla, estos resultados representan tambi\u00e9n una oportunidad para celebrar el valor de la <strong>excelencia acad\u00e9mica, el pensamiento l\u00f3gico, la curiosidad y la perseverancia<\/strong> como parte de la formaci\u00f3n integral de nuestros estudiantes.<\/p>\t\t\t\t\t\t\t\t<\/div>\n\t\t\t\t<\/div>\n\t\t\t\t<div class=\"elementor-element elementor-element-3518837 elementor-widget elementor-widget-text-editor\" data-id=\"3518837\" data-element_type=\"widget\" data-e-type=\"widget\" data-widget_type=\"text-editor.default\">\n\t\t\t\t<div class=\"elementor-widget-container\">\n\t\t\t\t\t\t\t\t\t<h4><a href=\"https:\/\/colegioaleman.edu.co\/en\/noticias\/dos-estudiantes-colegio-aleman-barranquilla-delegacion-colombia-imo-2026\/\" target=\"_blank\" rel=\"noopener\">El camino hacia la IMO<\/a><\/h4><p class=\"isSelectedEnd\">Para Gabriel Santiago, la IMO 2026 representa un nuevo cap\u00edtulo en una trayectoria especialmente destacada. Esta fue su <strong>tercera participaci\u00f3n consecutiva en la Olimpiada Internacional de Matem\u00e1ticas<\/strong>, despu\u00e9s de integrar las delegaciones colombianas que participaron en las ediciones de 2024, en Inglaterra, y 2025, en Australia.<\/p><p class=\"isSelectedEnd\">Su recorrido en las matem\u00e1ticas tambi\u00e9n incluye participaciones y reconocimientos en diferentes competencias nacionales e internacionales, entre ellas las <strong>Olimpiadas Colombianas de Matem\u00e1ticas, la Olimpiada Matem\u00e1tica de la Universidad del Norte, las Olimpiadas Regionales de la Universidad Antonio Nari\u00f1o y las Olimpiadas Matem\u00e1ticas en alem\u00e1n<\/strong>. A esto se suma su participaci\u00f3n en procesos de entrenamiento especializado en Colombia y otros pa\u00edses, que han contribuido a fortalecer sus conocimientos y prepararlo para enfrentar competencias de alto nivel.<\/p><p class=\"isSelectedEnd\">Por su parte, Juan Camilo tambi\u00e9n viene construyendo un camino m\u00e1s que sobresaliente en este campo. Su participaci\u00f3n en la IMO 2026 se suma a los diferentes escenarios nacionales e internacionales en los que ha demostrado sus habilidades matem\u00e1ticas.\u00a0<\/p><p class=\"isSelectedEnd\">Uno de los m\u00e1s reciente fue su participaci\u00f3n\u00a0<strong style=\"font-size: 1rem;\">en la 26.\u00aa Olimpiada Matem\u00e1tica Centroamericana y del Caribe<\/strong><span style=\"font-size: 1rem;\">, celebrada en Honduras, en representaci\u00f3n de Colombia y de nuestro Colegio.<\/span><\/p>\t\t\t\t\t\t\t\t<\/div>\n\t\t\t\t<\/div>\n\t\t\t\t<div class=\"elementor-element elementor-element-59d16b5 elementor-widget elementor-widget-gallery\" data-id=\"59d16b5\" data-element_type=\"widget\" data-e-type=\"widget\" data-settings=\"{&quot;columns&quot;:3,&quot;lazyload&quot;:&quot;yes&quot;,&quot;gallery_layout&quot;:&quot;grid&quot;,&quot;columns_tablet&quot;:2,&quot;columns_mobile&quot;:1,&quot;gap&quot;:{&quot;unit&quot;:&quot;px&quot;,&quot;size&quot;:10,&quot;sizes&quot;:[]},&quot;gap_tablet&quot;:{&quot;unit&quot;:&quot;px&quot;,&quot;size&quot;:10,&quot;sizes&quot;:[]},&quot;gap_mobile&quot;:{&quot;unit&quot;:&quot;px&quot;,&quot;size&quot;:10,&quot;sizes&quot;:[]},&quot;link_to&quot;:&quot;file&quot;,&quot;aspect_ratio&quot;:&quot;3:2&quot;,&quot;overlay_background&quot;:&quot;yes&quot;,&quot;content_hover_animation&quot;:&quot;fade-in&quot;}\" data-widget_type=\"gallery.default\">\n\t\t\t\t<div class=\"elementor-widget-container\">\n\t\t\t\t\t\t\t<div class=\"elementor-gallery__container\">\n\t\t\t\t\t\t\t<a class=\"e-gallery-item elementor-gallery-item elementor-animated-content\" href=\"https:\/\/webcolegioalemanweb.s3.us-east-2.amazonaws.com\/wp-content\/uploads\/2026\/09\/03094046\/colegio-aleman-en-la-imo-2026-1.jpeg\" data-elementor-open-lightbox=\"yes\" data-elementor-lightbox-slideshow=\"59d16b5\" data-elementor-lightbox-title=\"colegio alem\u00e1n en la imo 2026 (1)\" data-e-action-hash=\"#elementor-action%3Aaction%3Dlightbox%26settings%3DeyJpZCI6NjU4OSwidXJsIjoiaHR0cHM6XC9cL3dlYmNvbGVnaW9hbGVtYW53ZWIuczMudXMtZWFzdC0yLmFtYXpvbmF3cy5jb21cL3dwLWNvbnRlbnRcL3VwbG9hZHNcLzIwMjZcLzA5XC8wMzA5NDA0NlwvY29sZWdpby1hbGVtYW4tZW4tbGEtaW1vLTIwMjYtMS5qcGVnIiwic2xpZGVzaG93IjoiNTlkMTZiNSJ9\">\n\t\t\t\t\t<div class=\"e-gallery-image elementor-gallery-item__image\" data-thumbnail=\"https:\/\/webcolegioalemanweb.s3.us-east-2.amazonaws.com\/wp-content\/uploads\/2026\/09\/03094046\/colegio-aleman-en-la-imo-2026-1-300x200.jpeg\" data-width=\"300\" data-height=\"200\" aria-label=\"\" role=\"img\" ><\/div>\n\t\t\t\t\t\t\t\t\t\t\t<div class=\"elementor-gallery-item__overlay\"><\/div>\n\t\t\t\t\t\t\t\t\t\t\t\t\t\t<\/a>\n\t\t\t\t\t\t\t<a class=\"e-gallery-item elementor-gallery-item elementor-animated-content\" href=\"https:\/\/webcolegioalemanweb.s3.us-east-2.amazonaws.com\/wp-content\/uploads\/2026\/09\/03094047\/colegio-aleman-en-la-imo-2026-2.jpeg\" data-elementor-open-lightbox=\"yes\" data-elementor-lightbox-slideshow=\"59d16b5\" data-elementor-lightbox-title=\"colegio alem\u00e1n en la imo 2026 (2)\" data-e-action-hash=\"#elementor-action%3Aaction%3Dlightbox%26settings%3DeyJpZCI6NjU5MCwidXJsIjoiaHR0cHM6XC9cL3dlYmNvbGVnaW9hbGVtYW53ZWIuczMudXMtZWFzdC0yLmFtYXpvbmF3cy5jb21cL3dwLWNvbnRlbnRcL3VwbG9hZHNcLzIwMjZcLzA5XC8wMzA5NDA0N1wvY29sZWdpby1hbGVtYW4tZW4tbGEtaW1vLTIwMjYtMi5qcGVnIiwic2xpZGVzaG93IjoiNTlkMTZiNSJ9\">\n\t\t\t\t\t<div class=\"e-gallery-image elementor-gallery-item__image\" data-thumbnail=\"https:\/\/webcolegioalemanweb.s3.us-east-2.amazonaws.com\/wp-content\/uploads\/2026\/09\/03094047\/colegio-aleman-en-la-imo-2026-2-300x300.jpeg\" data-width=\"300\" data-height=\"300\" aria-label=\"\" role=\"img\" ><\/div>\n\t\t\t\t\t\t\t\t\t\t\t<div class=\"elementor-gallery-item__overlay\"><\/div>\n\t\t\t\t\t\t\t\t\t\t\t\t\t\t<\/a>\n\t\t\t\t\t\t\t<a class=\"e-gallery-item elementor-gallery-item elementor-animated-content\" href=\"https:\/\/webcolegioalemanweb.s3.us-east-2.amazonaws.com\/wp-content\/uploads\/2026\/09\/03094049\/colegio-aleman-en-la-imo-2026-3.jpeg\" data-elementor-open-lightbox=\"yes\" data-elementor-lightbox-slideshow=\"59d16b5\" data-elementor-lightbox-title=\"colegio alem\u00e1n en la imo 2026 (3)\" data-e-action-hash=\"#elementor-action%3Aaction%3Dlightbox%26settings%3DeyJpZCI6NjU5MSwidXJsIjoiaHR0cHM6XC9cL3dlYmNvbGVnaW9hbGVtYW53ZWIuczMudXMtZWFzdC0yLmFtYXpvbmF3cy5jb21cL3dwLWNvbnRlbnRcL3VwbG9hZHNcLzIwMjZcLzA5XC8wMzA5NDA0OVwvY29sZWdpby1hbGVtYW4tZW4tbGEtaW1vLTIwMjYtMy5qcGVnIiwic2xpZGVzaG93IjoiNTlkMTZiNSJ9\">\n\t\t\t\t\t<div class=\"e-gallery-image elementor-gallery-item__image\" data-thumbnail=\"https:\/\/webcolegioalemanweb.s3.us-east-2.amazonaws.com\/wp-content\/uploads\/2026\/09\/03094049\/colegio-aleman-en-la-imo-2026-3-300x200.jpeg\" data-width=\"300\" data-height=\"200\" aria-label=\"\" role=\"img\" ><\/div>\n\t\t\t\t\t\t\t\t\t\t\t<div class=\"elementor-gallery-item__overlay\"><\/div>\n\t\t\t\t\t\t\t\t\t\t\t\t\t\t<\/a>\n\t\t\t\t\t<\/div>\n\t\t\t\t\t<\/div>\n\t\t\t\t<\/div>\n\t\t\t\t<div class=\"elementor-element elementor-element-7100301 elementor-widget elementor-widget-text-editor\" data-id=\"7100301\" data-element_type=\"widget\" data-e-type=\"widget\" data-widget_type=\"text-editor.default\">\n\t\t\t\t<div class=\"elementor-widget-container\">\n\t\t\t\t\t\t\t\t\t<h6><strong style=\"font-size: 1rem;\">\u00a1Felicitaciones, Gabriel y Juan Camilo! Nos llena de orgullo acompa\u00f1arlos en este camino y celebrar con ustedes cada nuevo desaf\u00edo y cada logro alcanzado.<\/strong><\/h6>\t\t\t\t\t\t\t\t<\/div>\n\t\t\t\t<\/div>\n\t\t\t\t\t<\/div>\n\t\t\t\t<\/div>\n\t\t<div class=\"elementor-element elementor-element-df73b91 e-flex e-con-boxed e-con e-parent\" data-id=\"df73b91\" data-element_type=\"container\" data-e-type=\"container\">\n\t\t\t\t\t<div class=\"e-con-inner\">\n\t\t\t\t<div class=\"elementor-element elementor-element-3b569e0 elementor-widget-divider--view-line elementor-widget elementor-widget-divider\" data-id=\"3b569e0\" data-element_type=\"widget\" data-e-type=\"widget\" data-widget_type=\"divider.default\">\n\t\t\t\t<div class=\"elementor-widget-container\">\n\t\t\t\t\t\t\t<div class=\"elementor-divider\">\n\t\t\t<span class=\"elementor-divider-separator\">\n\t\t\t\t\t\t<\/span>\n\t\t<\/div>\n\t\t\t\t\t\t<\/div>\n\t\t\t\t<\/div>\n\t\t\t\t\t<\/div>\n\t\t\t\t<\/div>\n\t\t<div class=\"elementor-element elementor-element-8fc7dcd e-flex e-con-boxed e-con e-parent\" data-id=\"8fc7dcd\" data-element_type=\"container\" data-e-type=\"container\">\n\t\t\t\t\t<div class=\"e-con-inner\">\n\t\t\t\t\t<\/div>\n\t\t\t\t<\/div>\n\t\t\t\t<\/div>","protected":false},"excerpt":{"rendered":"<p>Gabriel Santiago y Juan Camilo Melgarejo representaron a Colombia y al DSBaq en la Olimpiada Internacional de Matem\u00e1ticas 2026, celebrada en Shangh\u00e1i.<\/p>","protected":false},"author":1,"featured_media":6578,"comment_status":"closed","ping_status":"closed","sticky":false,"template":"","format":"standard","meta":{"_eb_attr":"","footnotes":"","_members_access_role":[],"_members_access_error":""},"categories":[12],"tags":[93,243,191,244,198,195,192],"class_list":["post-6555","post","type-post","status-publish","format-standard","has-post-thumbnail","hentry","category-noticias","tag-excelencia-academica","tag-gabriel-santiago-diazgranados","tag-imo-2026","tag-juan-camilo-melgarejo","tag-logros-estudiantiles","tag-matematicas","tag-olimpiada-internacional-de-matematicas"],"yoast_head":"<!-- This site is optimized with the Yoast SEO plugin v28.4 - https:\/\/yoast.com\/product\/yoast-seo-wordpress\/ -->\n<title>Talento DSBaq destaca en la Olimpiada Internacional de Matem\u00e1ticas - Colegio Alem\u00e1n de Barranquilla<\/title>\n<meta name=\"description\" content=\"Estudiantes del DSBaq se destacan en la Olimpiada Internacional de Matem\u00e1ticas 2026 con una medalla de bronce y una menci\u00f3n de honor.\" \/>\n<meta name=\"robots\" content=\"index, follow, max-snippet:-1, max-image-preview:large, max-video-preview:-1\" \/>\n<link rel=\"canonical\" href=\"https:\/\/colegioaleman.edu.co\/en\/noticias\/olimpiada-internacional-de-matematicas-2026\/\" \/>\n<meta property=\"og:locale\" content=\"en_GB\" \/>\n<meta property=\"og:type\" content=\"article\" \/>\n<meta property=\"og:title\" content=\"Talento DSBaq destaca en la Olimpiada Internacional de Matem\u00e1ticas - Colegio Alem\u00e1n de Barranquilla\" \/>\n<meta property=\"og:description\" content=\"Estudiantes del DSBaq se destacan en la Olimpiada Internacional de Matem\u00e1ticas 2026 con una medalla de bronce y una menci\u00f3n de honor.\" \/>\n<meta property=\"og:url\" content=\"https:\/\/colegioaleman.edu.co\/en\/noticias\/olimpiada-internacional-de-matematicas-2026\/\" \/>\n<meta property=\"og:site_name\" content=\"Colegio Alem\u00e1n de Barranquilla\" \/>\n<meta property=\"article:publisher\" content=\"https:\/\/www.facebook.com\/ColegioAlemanBaq\" \/>\n<meta property=\"article:published_time\" content=\"2026-09-03T13:21:48+00:00\" \/>\n<meta property=\"article:modified_time\" content=\"2026-09-03T15:07:08+00:00\" \/>\n<meta property=\"og:image\" content=\"https:\/\/webcolegioalemanweb.s3.us-east-2.amazonaws.com\/wp-content\/uploads\/2026\/09\/03092030\/web_talento-dsbaq-imo-2026.jpg.jpeg\" \/>\n\t<meta property=\"og:image:width\" content=\"1493\" \/>\n\t<meta property=\"og:image:height\" content=\"899\" \/>\n\t<meta property=\"og:image:type\" content=\"image\/jpeg\" \/>\n<meta name=\"author\" content=\"sistemas\" \/>\n<meta name=\"twitter:card\" content=\"summary_large_image\" \/>\n<meta name=\"twitter:label1\" content=\"Written by\" \/>\n\t<meta name=\"twitter:data1\" content=\"sistemas\" \/>\n\t<meta name=\"twitter:label2\" content=\"Estimated reading time\" \/>\n\t<meta name=\"twitter:data2\" content=\"3 minutes\" \/>\n<script type=\"application\/ld+json\" class=\"yoast-schema-graph\">{\"@context\":\"https:\\\/\\\/schema.org\",\"@graph\":[{\"@type\":\"Article\",\"@id\":\"https:\\\/\\\/colegioaleman.edu.co\\\/noticias\\\/olimpiada-internacional-de-matematicas-2026\\\/#article\",\"isPartOf\":{\"@id\":\"https:\\\/\\\/colegioaleman.edu.co\\\/noticias\\\/olimpiada-internacional-de-matematicas-2026\\\/\"},\"author\":{\"name\":\"sistemas\",\"@id\":\"https:\\\/\\\/colegioaleman.edu.co\\\/#\\\/schema\\\/person\\\/a3570e930ad02e6417acaf5b4cb97685\"},\"headline\":\"Talento DSBaq destaca en la Olimpiada Internacional de Matem\u00e1ticas\",\"datePublished\":\"2026-09-03T13:21:48+00:00\",\"dateModified\":\"2026-09-03T15:07:08+00:00\",\"mainEntityOfPage\":{\"@id\":\"https:\\\/\\\/colegioaleman.edu.co\\\/noticias\\\/olimpiada-internacional-de-matematicas-2026\\\/\"},\"wordCount\":571,\"publisher\":{\"@id\":\"https:\\\/\\\/colegioaleman.edu.co\\\/#organization\"},\"image\":{\"@id\":\"https:\\\/\\\/colegioaleman.edu.co\\\/noticias\\\/olimpiada-internacional-de-matematicas-2026\\\/#primaryimage\"},\"thumbnailUrl\":\"https:\\\/\\\/webcolegioalemanweb.s3.us-east-2.amazonaws.com\\\/wp-content\\\/uploads\\\/2026\\\/09\\\/03092030\\\/web_talento-dsbaq-imo-2026.jpg.jpeg\",\"keywords\":[\"excelencia acad\u00e9mica\",\"Gabriel Santiago D\u00edazgranados\",\"IMO 2026\",\"Juan Camilo Melgarejo\",\"logros estudiantiles\",\"matem\u00e1ticas\",\"Olimpiada Internacional de Matem\u00e1ticas\"],\"articleSection\":[\"Noticias\"],\"inLanguage\":\"en-GB\"},{\"@type\":\"WebPage\",\"@id\":\"https:\\\/\\\/colegioaleman.edu.co\\\/noticias\\\/olimpiada-internacional-de-matematicas-2026\\\/\",\"url\":\"https:\\\/\\\/colegioaleman.edu.co\\\/noticias\\\/olimpiada-internacional-de-matematicas-2026\\\/\",\"name\":\"Talento DSBaq destaca en la Olimpiada Internacional de Matem\u00e1ticas - Colegio Alem\u00e1n de Barranquilla\",\"isPartOf\":{\"@id\":\"https:\\\/\\\/colegioaleman.edu.co\\\/#website\"},\"primaryImageOfPage\":{\"@id\":\"https:\\\/\\\/colegioaleman.edu.co\\\/noticias\\\/olimpiada-internacional-de-matematicas-2026\\\/#primaryimage\"},\"image\":{\"@id\":\"https:\\\/\\\/colegioaleman.edu.co\\\/noticias\\\/olimpiada-internacional-de-matematicas-2026\\\/#primaryimage\"},\"thumbnailUrl\":\"https:\\\/\\\/webcolegioalemanweb.s3.us-east-2.amazonaws.com\\\/wp-content\\\/uploads\\\/2026\\\/09\\\/03092030\\\/web_talento-dsbaq-imo-2026.jpg.jpeg\",\"datePublished\":\"2026-09-03T13:21:48+00:00\",\"dateModified\":\"2026-09-03T15:07:08+00:00\",\"description\":\"Estudiantes del DSBaq se destacan en la Olimpiada Internacional de Matem\u00e1ticas 2026 con una medalla de bronce y una menci\u00f3n de honor.\",\"breadcrumb\":{\"@id\":\"https:\\\/\\\/colegioaleman.edu.co\\\/noticias\\\/olimpiada-internacional-de-matematicas-2026\\\/#breadcrumb\"},\"inLanguage\":\"en-GB\",\"potentialAction\":[{\"@type\":\"ReadAction\",\"target\":[\"https:\\\/\\\/colegioaleman.edu.co\\\/noticias\\\/olimpiada-internacional-de-matematicas-2026\\\/\"]}]},{\"@type\":\"ImageObject\",\"inLanguage\":\"en-GB\",\"@id\":\"https:\\\/\\\/colegioaleman.edu.co\\\/noticias\\\/olimpiada-internacional-de-matematicas-2026\\\/#primaryimage\",\"url\":\"https:\\\/\\\/webcolegioalemanweb.s3.us-east-2.amazonaws.com\\\/wp-content\\\/uploads\\\/2026\\\/09\\\/03092030\\\/web_talento-dsbaq-imo-2026.jpg.jpeg\",\"contentUrl\":\"https:\\\/\\\/webcolegioalemanweb.s3.us-east-2.amazonaws.com\\\/wp-content\\\/uploads\\\/2026\\\/09\\\/03092030\\\/web_talento-dsbaq-imo-2026.jpg.jpeg\",\"width\":1493,\"height\":899,\"caption\":\"Gabriel Santiago y Juan Camilo Melgarejo representaron a Colombia y al DSBaq en la 67.\u00aa Olimpiada Internacional de Matem\u00e1ticas, en Shangh\u00e1i, China.\"},{\"@type\":\"BreadcrumbList\",\"@id\":\"https:\\\/\\\/colegioaleman.edu.co\\\/noticias\\\/olimpiada-internacional-de-matematicas-2026\\\/#breadcrumb\",\"itemListElement\":[{\"@type\":\"ListItem\",\"position\":1,\"name\":\"Inicio\",\"item\":\"https:\\\/\\\/colegioaleman.edu.co\\\/\"},{\"@type\":\"ListItem\",\"position\":2,\"name\":\"Talento DSBaq destaca en la Olimpiada Internacional de Matem\u00e1ticas\"}]},{\"@type\":\"WebSite\",\"@id\":\"https:\\\/\\\/colegioaleman.edu.co\\\/#website\",\"url\":\"https:\\\/\\\/colegioaleman.edu.co\\\/\",\"name\":\"Colegio Alem\u00e1n de Barranquilla\",\"description\":\"Colegio Alem\u00e1n de Barranquilla - Educaci\u00f3n Triling\u00fce Internacional\",\"publisher\":{\"@id\":\"https:\\\/\\\/colegioaleman.edu.co\\\/#organization\"},\"potentialAction\":[{\"@type\":\"SearchAction\",\"target\":{\"@type\":\"EntryPoint\",\"urlTemplate\":\"https:\\\/\\\/colegioaleman.edu.co\\\/?s={search_term_string}\"},\"query-input\":{\"@type\":\"PropertyValueSpecification\",\"valueRequired\":true,\"valueName\":\"search_term_string\"}}],\"inLanguage\":\"en-GB\"},{\"@type\":\"Organization\",\"@id\":\"https:\\\/\\\/colegioaleman.edu.co\\\/#organization\",\"name\":\"Colegio Alem\u00e1n de Barranquilla\",\"url\":\"https:\\\/\\\/colegioaleman.edu.co\\\/\",\"logo\":{\"@type\":\"ImageObject\",\"inLanguage\":\"en-GB\",\"@id\":\"https:\\\/\\\/colegioaleman.edu.co\\\/#\\\/schema\\\/logo\\\/image\\\/\",\"url\":\"https:\\\/\\\/webcolegioalemanweb.s3.us-east-2.amazonaws.com\\\/wp-content\\\/uploads\\\/2025\\\/05\\\/19131621\\\/cropped-cropped-iguana-3.png\",\"contentUrl\":\"https:\\\/\\\/webcolegioalemanweb.s3.us-east-2.amazonaws.com\\\/wp-content\\\/uploads\\\/2025\\\/05\\\/19131621\\\/cropped-cropped-iguana-3.png\",\"width\":511,\"height\":360,\"caption\":\"Colegio Alem\u00e1n de Barranquilla\"},\"image\":{\"@id\":\"https:\\\/\\\/colegioaleman.edu.co\\\/#\\\/schema\\\/logo\\\/image\\\/\"},\"sameAs\":[\"https:\\\/\\\/www.facebook.com\\\/ColegioAlemanBaq\",\"https:\\\/\\\/www.instagram.com\\\/colegioalemanbaq\\\/\",\"https:\\\/\\\/www.youtube.com\\\/@Colegioalemanbaq\"]},{\"@type\":\"Person\",\"@id\":\"https:\\\/\\\/colegioaleman.edu.co\\\/#\\\/schema\\\/person\\\/a3570e930ad02e6417acaf5b4cb97685\",\"name\":\"sistemas\",\"image\":{\"@type\":\"ImageObject\",\"inLanguage\":\"en-GB\",\"@id\":\"https:\\\/\\\/secure.gravatar.com\\\/avatar\\\/aeef59628e7b738975a2f47acb96a39003de09dcc227653c42ebb2f02e4e2a0c?s=96&d=mm&r=g\",\"url\":\"https:\\\/\\\/secure.gravatar.com\\\/avatar\\\/aeef59628e7b738975a2f47acb96a39003de09dcc227653c42ebb2f02e4e2a0c?s=96&d=mm&r=g\",\"contentUrl\":\"https:\\\/\\\/secure.gravatar.com\\\/avatar\\\/aeef59628e7b738975a2f47acb96a39003de09dcc227653c42ebb2f02e4e2a0c?s=96&d=mm&r=g\",\"caption\":\"sistemas\"},\"sameAs\":[\"https:\\\/\\\/colegioaleman.edu.co\"],\"url\":\"https:\\\/\\\/colegioaleman.edu.co\\\/en\\\/author\\\/sistemas\\\/\"}]}<\/script>\n<!-- \/ Yoast SEO plugin. -->","yoast_head_json":{"title":"Talento DSBaq destaca en la Olimpiada Internacional de Matem\u00e1ticas - Colegio Alem\u00e1n de Barranquilla","description":"Estudiantes del DSBaq se destacan en la Olimpiada Internacional de Matem\u00e1ticas 2026 con una medalla de bronce y una menci\u00f3n de honor.","robots":{"index":"index","follow":"follow","max-snippet":"max-snippet:-1","max-image-preview":"max-image-preview:large","max-video-preview":"max-video-preview:-1"},"canonical":"https:\/\/colegioaleman.edu.co\/en\/noticias\/olimpiada-internacional-de-matematicas-2026\/","og_locale":"en_GB","og_type":"article","og_title":"Talento DSBaq destaca en la Olimpiada Internacional de Matem\u00e1ticas - Colegio Alem\u00e1n de Barranquilla","og_description":"Estudiantes del DSBaq se destacan en la Olimpiada Internacional de Matem\u00e1ticas 2026 con una medalla de bronce y una menci\u00f3n de honor.","og_url":"https:\/\/colegioaleman.edu.co\/en\/noticias\/olimpiada-internacional-de-matematicas-2026\/","og_site_name":"Colegio Alem\u00e1n de Barranquilla","article_publisher":"https:\/\/www.facebook.com\/ColegioAlemanBaq","article_published_time":"2026-09-03T13:21:48+00:00","article_modified_time":"2026-09-03T15:07:08+00:00","og_image":[{"width":1493,"height":899,"url":"https:\/\/webcolegioalemanweb.s3.us-east-2.amazonaws.com\/wp-content\/uploads\/2026\/09\/03092030\/web_talento-dsbaq-imo-2026.jpg.jpeg","type":"image\/jpeg"}],"author":"sistemas","twitter_card":"summary_large_image","twitter_misc":{"Written by":"sistemas","Estimated reading time":"3 minutes"},"schema":{"@context":"https:\/\/schema.org","@graph":[{"@type":"Article","@id":"https:\/\/colegioaleman.edu.co\/noticias\/olimpiada-internacional-de-matematicas-2026\/#article","isPartOf":{"@id":"https:\/\/colegioaleman.edu.co\/noticias\/olimpiada-internacional-de-matematicas-2026\/"},"author":{"name":"sistemas","@id":"https:\/\/colegioaleman.edu.co\/#\/schema\/person\/a3570e930ad02e6417acaf5b4cb97685"},"headline":"Talento DSBaq destaca en la Olimpiada Internacional de Matem\u00e1ticas","datePublished":"2026-09-03T13:21:48+00:00","dateModified":"2026-09-03T15:07:08+00:00","mainEntityOfPage":{"@id":"https:\/\/colegioaleman.edu.co\/noticias\/olimpiada-internacional-de-matematicas-2026\/"},"wordCount":571,"publisher":{"@id":"https:\/\/colegioaleman.edu.co\/#organization"},"image":{"@id":"https:\/\/colegioaleman.edu.co\/noticias\/olimpiada-internacional-de-matematicas-2026\/#primaryimage"},"thumbnailUrl":"https:\/\/webcolegioalemanweb.s3.us-east-2.amazonaws.com\/wp-content\/uploads\/2026\/09\/03092030\/web_talento-dsbaq-imo-2026.jpg.jpeg","keywords":["excelencia acad\u00e9mica","Gabriel Santiago D\u00edazgranados","IMO 2026","Juan Camilo Melgarejo","logros estudiantiles","matem\u00e1ticas","Olimpiada Internacional de Matem\u00e1ticas"],"articleSection":["Noticias"],"inLanguage":"en-GB"},{"@type":"WebPage","@id":"https:\/\/colegioaleman.edu.co\/noticias\/olimpiada-internacional-de-matematicas-2026\/","url":"https:\/\/colegioaleman.edu.co\/noticias\/olimpiada-internacional-de-matematicas-2026\/","name":"Talento DSBaq destaca en la Olimpiada Internacional de Matem\u00e1ticas - Colegio Alem\u00e1n de Barranquilla","isPartOf":{"@id":"https:\/\/colegioaleman.edu.co\/#website"},"primaryImageOfPage":{"@id":"https:\/\/colegioaleman.edu.co\/noticias\/olimpiada-internacional-de-matematicas-2026\/#primaryimage"},"image":{"@id":"https:\/\/colegioaleman.edu.co\/noticias\/olimpiada-internacional-de-matematicas-2026\/#primaryimage"},"thumbnailUrl":"https:\/\/webcolegioalemanweb.s3.us-east-2.amazonaws.com\/wp-content\/uploads\/2026\/09\/03092030\/web_talento-dsbaq-imo-2026.jpg.jpeg","datePublished":"2026-09-03T13:21:48+00:00","dateModified":"2026-09-03T15:07:08+00:00","description":"Estudiantes del DSBaq se destacan en la Olimpiada Internacional de Matem\u00e1ticas 2026 con una medalla de bronce y una menci\u00f3n de honor.","breadcrumb":{"@id":"https:\/\/colegioaleman.edu.co\/noticias\/olimpiada-internacional-de-matematicas-2026\/#breadcrumb"},"inLanguage":"en-GB","potentialAction":[{"@type":"ReadAction","target":["https:\/\/colegioaleman.edu.co\/noticias\/olimpiada-internacional-de-matematicas-2026\/"]}]},{"@type":"ImageObject","inLanguage":"en-GB","@id":"https:\/\/colegioaleman.edu.co\/noticias\/olimpiada-internacional-de-matematicas-2026\/#primaryimage","url":"https:\/\/webcolegioalemanweb.s3.us-east-2.amazonaws.com\/wp-content\/uploads\/2026\/09\/03092030\/web_talento-dsbaq-imo-2026.jpg.jpeg","contentUrl":"https:\/\/webcolegioalemanweb.s3.us-east-2.amazonaws.com\/wp-content\/uploads\/2026\/09\/03092030\/web_talento-dsbaq-imo-2026.jpg.jpeg","width":1493,"height":899,"caption":"Gabriel Santiago y Juan Camilo Melgarejo representaron a Colombia y al DSBaq en la 67.\u00aa Olimpiada Internacional de Matem\u00e1ticas, en Shangh\u00e1i, China."},{"@type":"BreadcrumbList","@id":"https:\/\/colegioaleman.edu.co\/noticias\/olimpiada-internacional-de-matematicas-2026\/#breadcrumb","itemListElement":[{"@type":"ListItem","position":1,"name":"Inicio","item":"https:\/\/colegioaleman.edu.co\/"},{"@type":"ListItem","position":2,"name":"Talento DSBaq destaca en la Olimpiada Internacional de Matem\u00e1ticas"}]},{"@type":"WebSite","@id":"https:\/\/colegioaleman.edu.co\/#website","url":"https:\/\/colegioaleman.edu.co\/","name":"German School of Barranquilla","description":"Colegio Alem\u00e1n de Barranquilla - Educaci\u00f3n Triling\u00fce Internacional","publisher":{"@id":"https:\/\/colegioaleman.edu.co\/#organization"},"potentialAction":[{"@type":"SearchAction","target":{"@type":"EntryPoint","urlTemplate":"https:\/\/colegioaleman.edu.co\/?s={search_term_string}"},"query-input":{"@type":"PropertyValueSpecification","valueRequired":true,"valueName":"search_term_string"}}],"inLanguage":"en-GB"},{"@type":"Organization","@id":"https:\/\/colegioaleman.edu.co\/#organization","name":"German School of Barranquilla","url":"https:\/\/colegioaleman.edu.co\/","logo":{"@type":"ImageObject","inLanguage":"en-GB","@id":"https:\/\/colegioaleman.edu.co\/#\/schema\/logo\/image\/","url":"https:\/\/webcolegioalemanweb.s3.us-east-2.amazonaws.com\/wp-content\/uploads\/2025\/05\/19131621\/cropped-cropped-iguana-3.png","contentUrl":"https:\/\/webcolegioalemanweb.s3.us-east-2.amazonaws.com\/wp-content\/uploads\/2025\/05\/19131621\/cropped-cropped-iguana-3.png","width":511,"height":360,"caption":"Colegio Alem\u00e1n de Barranquilla"},"image":{"@id":"https:\/\/colegioaleman.edu.co\/#\/schema\/logo\/image\/"},"sameAs":["https:\/\/www.facebook.com\/ColegioAlemanBaq","https:\/\/www.instagram.com\/colegioalemanbaq\/","https:\/\/www.youtube.com\/@Colegioalemanbaq"]},{"@type":"Person","@id":"https:\/\/colegioaleman.edu.co\/#\/schema\/person\/a3570e930ad02e6417acaf5b4cb97685","name":"sistemas","image":{"@type":"ImageObject","inLanguage":"en-GB","@id":"https:\/\/secure.gravatar.com\/avatar\/aeef59628e7b738975a2f47acb96a39003de09dcc227653c42ebb2f02e4e2a0c?s=96&d=mm&r=g","url":"https:\/\/secure.gravatar.com\/avatar\/aeef59628e7b738975a2f47acb96a39003de09dcc227653c42ebb2f02e4e2a0c?s=96&d=mm&r=g","contentUrl":"https:\/\/secure.gravatar.com\/avatar\/aeef59628e7b738975a2f47acb96a39003de09dcc227653c42ebb2f02e4e2a0c?s=96&d=mm&r=g","caption":"sistemas"},"sameAs":["https:\/\/colegioaleman.edu.co"],"url":"https:\/\/colegioaleman.edu.co\/en\/author\/sistemas\/"}]}},"_links":{"self":[{"href":"https:\/\/colegioaleman.edu.co\/en\/wp-json\/wp\/v2\/posts\/6555","targetHints":{"allow":["GET"]}}],"collection":[{"href":"https:\/\/colegioaleman.edu.co\/en\/wp-json\/wp\/v2\/posts"}],"about":[{"href":"https:\/\/colegioaleman.edu.co\/en\/wp-json\/wp\/v2\/types\/post"}],"author":[{"embeddable":true,"href":"https:\/\/colegioaleman.edu.co\/en\/wp-json\/wp\/v2\/users\/1"}],"replies":[{"embeddable":true,"href":"https:\/\/colegioaleman.edu.co\/en\/wp-json\/wp\/v2\/comments?post=6555"}],"version-history":[{"count":5,"href":"https:\/\/colegioaleman.edu.co\/en\/wp-json\/wp\/v2\/posts\/6555\/revisions"}],"predecessor-version":[{"id":6614,"href":"https:\/\/colegioaleman.edu.co\/en\/wp-json\/wp\/v2\/posts\/6555\/revisions\/6614"}],"wp:featuredmedia":[{"embeddable":true,"href":"https:\/\/colegioaleman.edu.co\/en\/wp-json\/wp\/v2\/media\/6578"}],"wp:attachment":[{"href":"https:\/\/colegioaleman.edu.co\/en\/wp-json\/wp\/v2\/media?parent=6555"}],"wp:term":[{"taxonomy":"category","embeddable":true,"href":"https:\/\/colegioaleman.edu.co\/en\/wp-json\/wp\/v2\/categories?post=6555"},{"taxonomy":"post_tag","embeddable":true,"href":"https:\/\/colegioaleman.edu.co\/en\/wp-json\/wp\/v2\/tags?post=6555"}],"curies":[{"name":"wp","href":"https:\/\/api.w.org\/{rel}","templated":true}]}}