{"id":6521,"date":"2026-09-02T09:03:16","date_gmt":"2026-09-02T14:03:16","guid":{"rendered":"https:\/\/colegioaleman.edu.co\/?p=6521"},"modified":"2026-09-03T10:25:01","modified_gmt":"2026-09-03T15:25:01","slug":"como-fomentar-la-curiosidad-y-el-pensamiento-autonomo-en-los-hijos","status":"publish","type":"post","link":"https:\/\/colegioaleman.edu.co\/en\/blog\/como-fomentar-la-curiosidad-y-el-pensamiento-autonomo-en-los-hijos\/","title":{"rendered":"C\u00f3mo fomentar la curiosidad y el pensamiento aut\u00f3nomo en los hijos"},"content":{"rendered":"<div data-elementor-type=\"wp-post\" data-elementor-id=\"6521\" class=\"elementor elementor-6521\" data-elementor-post-type=\"post\">\n\t\t\t\t<div class=\"elementor-element elementor-element-4a734e3 e-flex e-con-boxed e-con e-parent\" data-id=\"4a734e3\" data-element_type=\"container\" data-e-type=\"container\">\n\t\t\t\t\t<div class=\"e-con-inner\">\n\t\t\t\t<div class=\"elementor-element elementor-element-998d3f4 elementor-widget elementor-widget-text-editor\" data-id=\"998d3f4\" data-element_type=\"widget\" data-e-type=\"widget\" data-widget_type=\"text-editor.default\">\n\t\t\t\t<div class=\"elementor-widget-container\">\n\t\t\t\t\t\t\t\t\t<p data-start=\"2340\" data-end=\"2551\">Uno de los grandes retos de la educaci\u00f3n actual es ayudar a los estudiantes a desarrollar la capacidad de hacerse preguntas, analizar lo que encuentran, explorar posibilidades y construir sus propias respuestas.<\/p><p data-start=\"2553\" data-end=\"2845\">Desde la psicolog\u00eda escolar, el aprendizaje significativo se entiende precisamente de esta manera: como un proceso activo en el que el estudiante no se limita a recibir informaci\u00f3n, sino que <strong>pregunta, reflexiona, experimenta y construye conocimiento.<\/strong><\/p>\t\t\t\t\t\t\t\t<\/div>\n\t\t\t\t<\/div>\n\t\t\t\t<div class=\"elementor-element elementor-element-c1468f0 elementor-widget elementor-widget-text-editor\" data-id=\"c1468f0\" data-element_type=\"widget\" data-e-type=\"widget\" data-widget_type=\"text-editor.default\">\n\t\t\t\t<div class=\"elementor-widget-container\">\n\t\t\t\t\t\t\t\t\t<h4 data-section-id=\"1q1tpe5\" data-start=\"2905\" data-end=\"2950\">\u00bfQu\u00e9 significa educar para el pensamiento?<\/h4><p data-start=\"2952\" data-end=\"3123\">Formar estudiantes indagadores implica desarrollar tanto habilidades cognitivas como socioemocionales que les permitan <strong data-start=\"3071\" data-end=\"3122\">comprender, cuestionar y transformar su entorno<\/strong>.<\/p><p data-start=\"3125\" data-end=\"3321\">El aprendizaje profundo ocurre cuando los estudiantes participan activamente y cuentan con adultos que favorecen la exploraci\u00f3n, las preguntas y la autonom\u00eda, lo que supone un cambio importante para padres y educadores.<\/p><p data-start=\"3125\" data-end=\"3321\">En otras palabras, el papel pasa de ofrecer inmediatamente la respuesta correcta, a crear las condiciones para que los ni\u00f1os y adolescentes puedan <strong data-start=\"3545\" data-end=\"3610\">descubrirla, argumentarla o incluso formular nuevas preguntas<\/strong>. Sin embargo, es clave tener presente que la manera de acompa\u00f1arlos cambia seg\u00fan su etapa de desarrollo.<\/p>\t\t\t\t\t\t\t\t<\/div>\n\t\t\t\t<\/div>\n\t\t\t\t<div class=\"elementor-element elementor-element-a0291aa elementor-widget elementor-widget-text-editor\" data-id=\"a0291aa\" data-element_type=\"widget\" data-e-type=\"widget\" data-widget_type=\"text-editor.default\">\n\t\t\t\t<div class=\"elementor-widget-container\">\n\t\t\t\t\t\t\t\t\t<h4 class=\"PDq2pG_selectionAnchorContainer\" data-section-id=\"1cwha7i\" data-start=\"402\" data-end=\"473\"><a href=\"https:\/\/colegioaleman.edu.co\/en\/kindergarten\/\" target=\"_blank\" rel=\"noopener\">Primera infancia, cuando la curiosidad abre la puerta al aprendizaje<\/a><\/h4><p data-start=\"475\" data-end=\"765\">En la primera infancia, <strong data-start=\"499\" data-end=\"566\">la curiosidad es uno de los principales motores del aprendizaje<\/strong>. Los ni\u00f1os descubren el mundo explorando, haciendo preguntas, probando posibilidades y formulando sus propias explicaciones, casi como peque\u00f1os cient\u00edficos.<\/p><p data-start=\"767\" data-end=\"1109\">Para que esa curiosidad florezca, tambi\u00e9n necesitan sentirse seguros. Un entorno afectivo en el que puedan explorar sin temor favorece su disposici\u00f3n para descubrir y aprender. Por eso, el papel de la familia no es responder inmediatamente cada pregunta, sino <strong data-start=\"1027\" data-end=\"1070\">validar la curiosidad y mantenerla viva<\/strong>.<\/p><p data-start=\"1111\" data-end=\"1374\">Ante un \u201c\u00bfpor qu\u00e9?\u201d, podemos devolver preguntas como <strong data-start=\"1164\" data-end=\"1251\"><i>\u201c\u00bft\u00fa qu\u00e9 crees?\u201d, \u201c\u00bfc\u00f3mo podr\u00edamos descubrirlo?\u201d<\/i> <\/strong><span data-start=\"1164\" data-end=\"1251\">o<\/span><strong data-start=\"1164\" data-end=\"1251\"> <i>\u201c\u00bfqu\u00e9 pasar\u00eda si lo intentamos?\u201d<\/i><\/strong>. As\u00ed, una conversaci\u00f3n cotidiana puede convertirse en una oportunidad para desarrollar pensamiento, autonom\u00eda y confianza.<\/p>\t\t\t\t\t\t\t\t<\/div>\n\t\t\t\t<\/div>\n\t\t\t\t<div class=\"elementor-element elementor-element-a0b1afc elementor-widget elementor-widget-text-editor\" data-id=\"a0b1afc\" data-element_type=\"widget\" data-e-type=\"widget\" data-widget_type=\"text-editor.default\">\n\t\t\t\t<div class=\"elementor-widget-container\">\n\t\t\t\t\t\t\t\t\t<h4 data-section-id=\"p8tkpj\" data-start=\"1376\" data-end=\"1422\"><a href=\"https:\/\/colegioaleman.edu.co\/en\/primaria\/\" target=\"_blank\" rel=\"noopener\">Primaria, acompa\u00f1ando la autonom\u00eda que crece con ellos<\/a><\/h4><p data-start=\"1424\" data-end=\"1630\">Al llegar a Primaria, esa curiosidad comienza a transformarse en una capacidad cada vez mayor para <strong data-start=\"1523\" data-end=\"1591\">comprender, resolver problemas y construir el propio aprendizaje<\/strong>.<\/p><p data-start=\"1632\" data-end=\"1931\">Aqu\u00ed el reto para las familias es acompa\u00f1ar sin reemplazar: hacer preguntas abiertas, permitir que los ni\u00f1os prueben sus propias estrategias y entender el error como una parte natural de aprender. Un sencillo <strong data-start=\"1841\" data-end=\"1873\"><i>\u201cmu\u00e9strame c\u00f3mo lo pe<\/i>nsaste\u201d<\/strong> puede ayudar m\u00e1s que ofrecer inmediatamente la respuesta.<\/p>\t\t\t\t\t\t\t\t<\/div>\n\t\t\t\t<\/div>\n\t\t<div class=\"elementor-element elementor-element-727851b e-con-full e-flex e-con e-child\" data-id=\"727851b\" data-element_type=\"container\" data-e-type=\"container\">\n\t\t<div class=\"elementor-element elementor-element-c54e254 e-con-full e-flex e-con e-child\" data-id=\"c54e254\" data-element_type=\"container\" data-e-type=\"container\">\n\t\t\t\t<div class=\"elementor-element elementor-element-ec9ba1b elementor-widget elementor-widget-image\" data-id=\"ec9ba1b\" data-element_type=\"widget\" data-e-type=\"widget\" data-widget_type=\"image.default\">\n\t\t\t\t<div class=\"elementor-widget-container\">\n\t\t\t\t\t\t\t\t\t\t\t\t\t\t\t<img fetchpriority=\"high\" decoding=\"async\" width=\"1024\" height=\"683\" src=\"https:\/\/webcolegioalemanweb.s3.us-east-2.amazonaws.com\/wp-content\/uploads\/2026\/09\/03101523\/web_La-Iguana-81-may.-2026-1024x683.webp\" class=\"attachment-large size-large wp-image-6621\" alt=\"C\u00f3mo fomentar la curiosidad en los hijos y desarrollar su pensamiento aut\u00f3nomo\" srcset=\"https:\/\/webcolegioalemanweb.s3.us-east-2.amazonaws.com\/wp-content\/uploads\/2026\/09\/03101523\/web_La-Iguana-81-may.-2026-1024x683.webp 1024w, https:\/\/webcolegioalemanweb.s3.us-east-2.amazonaws.com\/wp-content\/uploads\/2026\/09\/03101523\/web_La-Iguana-81-may.-2026-300x200.webp 300w, https:\/\/webcolegioalemanweb.s3.us-east-2.amazonaws.com\/wp-content\/uploads\/2026\/09\/03101523\/web_La-Iguana-81-may.-2026-768x512.webp 768w, https:\/\/webcolegioalemanweb.s3.us-east-2.amazonaws.com\/wp-content\/uploads\/2026\/09\/03101523\/web_La-Iguana-81-may.-2026-18x12.webp 18w, https:\/\/webcolegioalemanweb.s3.us-east-2.amazonaws.com\/wp-content\/uploads\/2026\/09\/03101523\/web_La-Iguana-81-may.-2026-600x400.webp 600w, https:\/\/webcolegioalemanweb.s3.us-east-2.amazonaws.com\/wp-content\/uploads\/2026\/09\/03101523\/web_La-Iguana-81-may.-2026.webp 1270w\" sizes=\"(max-width: 1024px) 100vw, 1024px\" \/>\t\t\t\t\t\t\t\t\t\t\t\t\t\t\t<\/div>\n\t\t\t\t<\/div>\n\t\t\t\t<\/div>\n\t\t<div class=\"elementor-element elementor-element-2f09dd4 e-con-full e-flex e-con e-child\" data-id=\"2f09dd4\" data-element_type=\"container\" data-e-type=\"container\">\n\t\t\t\t<div class=\"elementor-element elementor-element-774aadc elementor-widget elementor-widget-text-editor\" data-id=\"774aadc\" data-element_type=\"widget\" data-e-type=\"widget\" data-widget_type=\"text-editor.default\">\n\t\t\t\t<div class=\"elementor-widget-container\">\n\t\t\t\t\t\t\t\t\t<h4 data-section-id=\"vgli6c\" data-start=\"5716\" data-end=\"5766\"><a href=\"https:\/\/colegioaleman.edu.co\/en\/secundaria\/\" target=\"_blank\" rel=\"noopener\">Adolescencia: ense\u00f1ar a cuestionar y argumentar<\/a><\/h4>\n<p data-start=\"5768\" data-end=\"5936\">Con la adolescencia, la indagaci\u00f3n adquiere nuevas dimensiones. Se relaciona con el <a href=\"https:\/\/colegioaleman.edu.co\/en\/blog\/pensamiento-critico-ninos-importancia\/\" target=\"_blank\" rel=\"noopener\">pensamiento cr\u00edtico<\/a>, la argumentaci\u00f3n y tambi\u00e9n con la construcci\u00f3n de la identidad.&nbsp;<\/p>\n<p data-start=\"5768\" data-end=\"5936\"><span style=\"font-size: 1rem;\">Los adolescentes se benefician especialmente de ambientes en los que sienten que sus ideas son respetadas y que tienen posibilidades reales de participar.&nbsp;<\/span><\/p><p data-start=\"5768\" data-end=\"5936\"><span style=\"font-size: 1rem;\">Adem\u00e1s, una mentalidad que entiende las capacidades como algo que puede desarrollarse favorece la disposici\u00f3n para asumir desaf\u00edos y persistir frente a las dificultades.<\/span><\/p>\t\t\t\t\t\t\t\t<\/div>\n\t\t\t\t<\/div>\n\t\t\t\t<\/div>\n\t\t<div class=\"elementor-element elementor-element-4b38096 e-con-full e-flex e-con e-child\" data-id=\"4b38096\" data-element_type=\"container\" data-e-type=\"container\">\n\t\t\t\t<div class=\"elementor-element elementor-element-82dad31 elementor-widget elementor-widget-text-editor\" data-id=\"82dad31\" data-element_type=\"widget\" data-e-type=\"widget\" data-widget_type=\"text-editor.default\">\n\t\t\t\t<div class=\"elementor-widget-container\">\n\t\t\t\t\t\t\t\t\t<p><span style=\"font-size: 1rem;\">En esta etapa, escuchar adquiere tanta importancia como orientar. <\/span><span style=\"font-size: 1rem;\">En lugar de convertir cada conversaci\u00f3n en una explicaci\u00f3n adulta, podemos preguntar <\/span><span style=\"font-size: 1rem; font-weight: bolder;\" data-start=\"6456\" data-end=\"6478\"><i>\u201c\u00bfqu\u00e9 piensas t\u00fa?\u201d, <\/i><\/span><i style=\"font-size: 1rem;\"><span style=\"font-weight: bolder;\" data-start=\"6481\" data-end=\"6522\">\u201c\u00bfpor qu\u00e9 llegaste a esa conclusi\u00f3n?\u201d <\/span><\/i><span style=\"font-size: 1rem;\">o<\/span><i style=\"font-size: 1rem;\"><span style=\"font-weight: bolder;\" data-start=\"6574\" data-end=\"6620\">\u201c\u00bfqu\u00e9 dir\u00eda alguien que piensa diferente?\u201d.\u00a0<\/span><\/i><\/p><p>Ante el acceso constante a contenidos, estas preguntas cobran todav\u00eda m\u00e1s relevancia en el entorno digital. As\u00ed, la familia puede ayudar a los adolescentes a analizar cr\u00edticamente la informaci\u00f3n que reciben, contrastar fuentes y construir opiniones propias.<\/p>\t\t\t\t\t\t\t\t<\/div>\n\t\t\t\t<\/div>\n\t\t\t\t<\/div>\n\t\t\t\t<\/div>\n\t\t\t\t<div class=\"elementor-element elementor-element-700ffb7 elementor-widget elementor-widget-text-editor\" data-id=\"700ffb7\" data-element_type=\"widget\" data-e-type=\"widget\" data-widget_type=\"text-editor.default\">\n\t\t\t\t<div class=\"elementor-widget-container\">\n\t\t\t\t\t\t\t\t\t<h4 data-section-id=\"xtnpf2\" data-start=\"6916\" data-end=\"6965\">Curiosidad, autonom\u00eda y emoci\u00f3n van de la mano<\/h4><p data-start=\"6967\" data-end=\"7025\">Aprender a pensar no es \u00fanicamente un proceso intelectual.<\/p><p data-start=\"7027\" data-end=\"7413\">La psicolog\u00eda escolar contempor\u00e1nea destaca tambi\u00e9n la importancia de factores emocionales, sociales y motivacionales. La autonom\u00eda, la percepci\u00f3n de competencia y las relaciones significativas favorecen la motivaci\u00f3n intr\u00ednseca; asimismo, las emociones forman parte esencial del aprendizaje significativo.<\/p><p data-start=\"7415\" data-end=\"7580\">Esto significa que <strong data-start=\"7434\" data-end=\"7579\">sentirse escuchado, poder equivocarse, experimentar y descubrir que se es capaz de superar una dificultad tambi\u00e9n son experiencias educativas<\/strong>.<\/p><p data-start=\"7582\" data-end=\"7788\">Por eso, formar estudiantes aut\u00f3nomos requiere algo m\u00e1s que buenas estrategias acad\u00e9micas; precisa ambientes familiares y escolares donde exista confianza para preguntar, equivocarse y volver a intentarlo.<\/p>\t\t\t\t\t\t\t\t<\/div>\n\t\t\t\t<\/div>\n\t\t\t\t<div class=\"elementor-element elementor-element-4285ee8 elementor-widget elementor-widget-text-editor\" data-id=\"4285ee8\" data-element_type=\"widget\" data-e-type=\"widget\" data-widget_type=\"text-editor.default\">\n\t\t\t\t<div class=\"elementor-widget-container\">\n\t\t\t\t\t\t\t\t\t<h4 data-section-id=\"1dcndxo\" data-start=\"7790\" data-end=\"7846\">Familia y colegio: una alianza para aprender a pensar<\/h4><p data-start=\"7848\" data-end=\"7899\">Educar para el pensamiento es una tarea compartida.\u00a0<span style=\"font-size: 1rem;\">Familia y colegio pueden construir entornos que promuevan la curiosidad, la reflexi\u00f3n y la autonom\u00eda, de manera que el objetivo final no sea formar estudiantes que tengan siempre todas las respuestas, sino personas capaces de <\/span><strong style=\"font-size: 1rem;\" data-start=\"8112\" data-end=\"8204\">hacer buenas preguntas, analizar informaci\u00f3n y construir conocimiento de manera aut\u00f3noma<\/strong><span style=\"font-size: 1rem;\">.<\/span><\/p><p data-start=\"8247\" data-end=\"8408\">Para las familias, esto implica asumir un papel que va m\u00e1s all\u00e1 de transmitir respuestas: <strong data-start=\"8337\" data-end=\"8407\">crear experiencias que inviten a preguntar, explorar y reflexionar<\/strong>.<\/p><p data-start=\"8410\" data-end=\"8550\">Porque los contenidos que aprendemos pueden cambiar con el tiempo. La capacidad de indagar, en cambio, es una herramienta para toda la vida.<\/p>\t\t\t\t\t\t\t\t<\/div>\n\t\t\t\t<\/div>\n\t\t\t\t\t<\/div>\n\t\t\t\t<\/div>\n\t\t<div class=\"elementor-element elementor-element-efe927d e-flex e-con-boxed e-con e-parent\" data-id=\"efe927d\" data-element_type=\"container\" data-e-type=\"container\">\n\t\t\t\t\t<div class=\"e-con-inner\">\n\t\t\t\t<div class=\"elementor-element elementor-element-58c9439 elementor-widget-divider--view-line elementor-widget elementor-widget-divider\" data-id=\"58c9439\" data-element_type=\"widget\" data-e-type=\"widget\" data-widget_type=\"divider.default\">\n\t\t\t\t<div class=\"elementor-widget-container\">\n\t\t\t\t\t\t\t<div class=\"elementor-divider\">\n\t\t\t<span class=\"elementor-divider-separator\">\n\t\t\t\t\t\t<\/span>\n\t\t<\/div>\n\t\t\t\t\t\t<\/div>\n\t\t\t\t<\/div>\n\t\t\t\t\t<\/div>\n\t\t\t\t<\/div>\n\t\t\t\t<\/div>","protected":false},"excerpt":{"rendered":"<p>Educar es m\u00e1s que transmitir conocimientos. Descubre c\u00f3mo las familias pueden estimular la curiosidad, la autonom\u00eda y el pensamiento cr\u00edtico de sus hijos desde la primera infancia hasta la adolescencia.<\/p>","protected":false},"author":1,"featured_media":6527,"comment_status":"closed","ping_status":"closed","sticky":false,"template":"","format":"standard","meta":{"_eb_attr":"","footnotes":"","_members_access_role":[],"_members_access_error":""},"categories":[11],"tags":[240,238,239,102,241,237,113,242],"class_list":["post-6521","post","type-post","status-publish","format-standard","has-post-thumbnail","hentry","category-blog","tag-aprendizaje","tag-autonomia","tag-curiosidad","tag-desarrollo-infantil","tag-familias","tag-pensamiento-autonomo","tag-pensamiento-critico","tag-psicologia-escolar"],"yoast_head":"<!-- This site is optimized with the Yoast SEO plugin v28.4 - https:\/\/yoast.com\/product\/yoast-seo-wordpress\/ -->\n<title>C\u00f3mo fomentar la curiosidad y el pensamiento aut\u00f3nomo en los hijos - Colegio Alem\u00e1n de Barranquilla<\/title>\n<meta name=\"description\" content=\"Descubre c\u00f3mo fomentar el pensamiento aut\u00f3nomo, la curiosidad y la capacidad de indagar en ni\u00f1os y adolescentes desde el hogar y la escuela.\" \/>\n<meta name=\"robots\" content=\"index, follow, max-snippet:-1, max-image-preview:large, max-video-preview:-1\" \/>\n<link rel=\"canonical\" href=\"https:\/\/colegioaleman.edu.co\/en\/blog\/como-fomentar-la-curiosidad-y-el-pensamiento-autonomo-en-los-hijos\/\" \/>\n<meta property=\"og:locale\" content=\"en_GB\" \/>\n<meta property=\"og:type\" content=\"article\" \/>\n<meta property=\"og:title\" content=\"C\u00f3mo fomentar la curiosidad y el pensamiento aut\u00f3nomo en los hijos - Colegio Alem\u00e1n de Barranquilla\" \/>\n<meta property=\"og:description\" content=\"Descubre c\u00f3mo fomentar el pensamiento aut\u00f3nomo, la curiosidad y la capacidad de indagar en ni\u00f1os y adolescentes desde el hogar y la escuela.\" \/>\n<meta property=\"og:url\" content=\"https:\/\/colegioaleman.edu.co\/en\/blog\/como-fomentar-la-curiosidad-y-el-pensamiento-autonomo-en-los-hijos\/\" \/>\n<meta property=\"og:site_name\" content=\"Colegio Alem\u00e1n de Barranquilla\" \/>\n<meta property=\"article:publisher\" content=\"https:\/\/www.facebook.com\/ColegioAlemanBaq\" \/>\n<meta property=\"article:published_time\" content=\"2026-09-02T14:03:16+00:00\" \/>\n<meta property=\"article:modified_time\" content=\"2026-09-03T15:25:01+00:00\" \/>\n<meta property=\"og:image\" content=\"https:\/\/webcolegioalemanweb.s3.us-east-2.amazonaws.com\/wp-content\/uploads\/2026\/09\/02092415\/La-Iguana-81-may.-2026-1024x577.png\" \/>\n\t<meta property=\"og:image:width\" content=\"1024\" \/>\n\t<meta property=\"og:image:height\" content=\"577\" \/>\n\t<meta property=\"og:image:type\" content=\"image\/png\" \/>\n<meta name=\"author\" content=\"sistemas\" \/>\n<meta name=\"twitter:card\" content=\"summary_large_image\" \/>\n<meta name=\"twitter:label1\" content=\"Written by\" \/>\n\t<meta name=\"twitter:data1\" content=\"sistemas\" \/>\n\t<meta name=\"twitter:label2\" content=\"Estimated reading time\" \/>\n\t<meta name=\"twitter:data2\" content=\"4 minutes\" \/>\n<script type=\"application\/ld+json\" class=\"yoast-schema-graph\">{\"@context\":\"https:\\\/\\\/schema.org\",\"@graph\":[{\"@type\":\"Article\",\"@id\":\"https:\\\/\\\/colegioaleman.edu.co\\\/blog\\\/como-fomentar-la-curiosidad-y-el-pensamiento-autonomo-en-los-hijos\\\/#article\",\"isPartOf\":{\"@id\":\"https:\\\/\\\/colegioaleman.edu.co\\\/blog\\\/como-fomentar-la-curiosidad-y-el-pensamiento-autonomo-en-los-hijos\\\/\"},\"author\":{\"name\":\"sistemas\",\"@id\":\"https:\\\/\\\/colegioaleman.edu.co\\\/#\\\/schema\\\/person\\\/a3570e930ad02e6417acaf5b4cb97685\"},\"headline\":\"C\u00f3mo fomentar la curiosidad y el pensamiento aut\u00f3nomo en los hijos\",\"datePublished\":\"2026-09-02T14:03:16+00:00\",\"dateModified\":\"2026-09-03T15:25:01+00:00\",\"mainEntityOfPage\":{\"@id\":\"https:\\\/\\\/colegioaleman.edu.co\\\/blog\\\/como-fomentar-la-curiosidad-y-el-pensamiento-autonomo-en-los-hijos\\\/\"},\"wordCount\":812,\"publisher\":{\"@id\":\"https:\\\/\\\/colegioaleman.edu.co\\\/#organization\"},\"image\":{\"@id\":\"https:\\\/\\\/colegioaleman.edu.co\\\/blog\\\/como-fomentar-la-curiosidad-y-el-pensamiento-autonomo-en-los-hijos\\\/#primaryimage\"},\"thumbnailUrl\":\"https:\\\/\\\/webcolegioalemanweb.s3.us-east-2.amazonaws.com\\\/wp-content\\\/uploads\\\/2026\\\/09\\\/02092415\\\/La-Iguana-81-may.-2026.png\",\"keywords\":[\"aprendizaje\",\"autonom\u00eda\",\"curiosidad\",\"desarrollo infantil\",\"familias\",\"Pensamiento aut\u00f3nomo\",\"pensamiento cr\u00edtico\",\"psicolog\u00eda escolar.\"],\"articleSection\":[\"Blog\"],\"inLanguage\":\"en-GB\"},{\"@type\":\"WebPage\",\"@id\":\"https:\\\/\\\/colegioaleman.edu.co\\\/blog\\\/como-fomentar-la-curiosidad-y-el-pensamiento-autonomo-en-los-hijos\\\/\",\"url\":\"https:\\\/\\\/colegioaleman.edu.co\\\/blog\\\/como-fomentar-la-curiosidad-y-el-pensamiento-autonomo-en-los-hijos\\\/\",\"name\":\"C\u00f3mo fomentar la curiosidad y el pensamiento aut\u00f3nomo en los hijos - Colegio Alem\u00e1n de Barranquilla\",\"isPartOf\":{\"@id\":\"https:\\\/\\\/colegioaleman.edu.co\\\/#website\"},\"primaryImageOfPage\":{\"@id\":\"https:\\\/\\\/colegioaleman.edu.co\\\/blog\\\/como-fomentar-la-curiosidad-y-el-pensamiento-autonomo-en-los-hijos\\\/#primaryimage\"},\"image\":{\"@id\":\"https:\\\/\\\/colegioaleman.edu.co\\\/blog\\\/como-fomentar-la-curiosidad-y-el-pensamiento-autonomo-en-los-hijos\\\/#primaryimage\"},\"thumbnailUrl\":\"https:\\\/\\\/webcolegioalemanweb.s3.us-east-2.amazonaws.com\\\/wp-content\\\/uploads\\\/2026\\\/09\\\/02092415\\\/La-Iguana-81-may.-2026.png\",\"datePublished\":\"2026-09-02T14:03:16+00:00\",\"dateModified\":\"2026-09-03T15:25:01+00:00\",\"description\":\"Descubre c\u00f3mo fomentar el pensamiento aut\u00f3nomo, la curiosidad y la capacidad de indagar en ni\u00f1os y adolescentes desde el hogar y la escuela.\",\"breadcrumb\":{\"@id\":\"https:\\\/\\\/colegioaleman.edu.co\\\/blog\\\/como-fomentar-la-curiosidad-y-el-pensamiento-autonomo-en-los-hijos\\\/#breadcrumb\"},\"inLanguage\":\"en-GB\",\"potentialAction\":[{\"@type\":\"ReadAction\",\"target\":[\"https:\\\/\\\/colegioaleman.edu.co\\\/blog\\\/como-fomentar-la-curiosidad-y-el-pensamiento-autonomo-en-los-hijos\\\/\"]}]},{\"@type\":\"ImageObject\",\"inLanguage\":\"en-GB\",\"@id\":\"https:\\\/\\\/colegioaleman.edu.co\\\/blog\\\/como-fomentar-la-curiosidad-y-el-pensamiento-autonomo-en-los-hijos\\\/#primaryimage\",\"url\":\"https:\\\/\\\/webcolegioalemanweb.s3.us-east-2.amazonaws.com\\\/wp-content\\\/uploads\\\/2026\\\/09\\\/02092415\\\/La-Iguana-81-may.-2026.png\",\"contentUrl\":\"https:\\\/\\\/webcolegioalemanweb.s3.us-east-2.amazonaws.com\\\/wp-content\\\/uploads\\\/2026\\\/09\\\/02092415\\\/La-Iguana-81-may.-2026.png\",\"width\":1270,\"height\":715,\"caption\":\"La curiosidad, la reflexi\u00f3n y la autonom\u00eda son fundamentales para aprender a lo largo de la vida.\"},{\"@type\":\"BreadcrumbList\",\"@id\":\"https:\\\/\\\/colegioaleman.edu.co\\\/blog\\\/como-fomentar-la-curiosidad-y-el-pensamiento-autonomo-en-los-hijos\\\/#breadcrumb\",\"itemListElement\":[{\"@type\":\"ListItem\",\"position\":1,\"name\":\"Inicio\",\"item\":\"https:\\\/\\\/colegioaleman.edu.co\\\/\"},{\"@type\":\"ListItem\",\"position\":2,\"name\":\"C\u00f3mo fomentar la curiosidad y el pensamiento aut\u00f3nomo en los hijos\"}]},{\"@type\":\"WebSite\",\"@id\":\"https:\\\/\\\/colegioaleman.edu.co\\\/#website\",\"url\":\"https:\\\/\\\/colegioaleman.edu.co\\\/\",\"name\":\"Colegio Alem\u00e1n de Barranquilla\",\"description\":\"Colegio Alem\u00e1n de Barranquilla - Educaci\u00f3n Triling\u00fce Internacional\",\"publisher\":{\"@id\":\"https:\\\/\\\/colegioaleman.edu.co\\\/#organization\"},\"potentialAction\":[{\"@type\":\"SearchAction\",\"target\":{\"@type\":\"EntryPoint\",\"urlTemplate\":\"https:\\\/\\\/colegioaleman.edu.co\\\/?s={search_term_string}\"},\"query-input\":{\"@type\":\"PropertyValueSpecification\",\"valueRequired\":true,\"valueName\":\"search_term_string\"}}],\"inLanguage\":\"en-GB\"},{\"@type\":\"Organization\",\"@id\":\"https:\\\/\\\/colegioaleman.edu.co\\\/#organization\",\"name\":\"Colegio Alem\u00e1n de Barranquilla\",\"url\":\"https:\\\/\\\/colegioaleman.edu.co\\\/\",\"logo\":{\"@type\":\"ImageObject\",\"inLanguage\":\"en-GB\",\"@id\":\"https:\\\/\\\/colegioaleman.edu.co\\\/#\\\/schema\\\/logo\\\/image\\\/\",\"url\":\"https:\\\/\\\/webcolegioalemanweb.s3.us-east-2.amazonaws.com\\\/wp-content\\\/uploads\\\/2025\\\/05\\\/19131621\\\/cropped-cropped-iguana-3.png\",\"contentUrl\":\"https:\\\/\\\/webcolegioalemanweb.s3.us-east-2.amazonaws.com\\\/wp-content\\\/uploads\\\/2025\\\/05\\\/19131621\\\/cropped-cropped-iguana-3.png\",\"width\":511,\"height\":360,\"caption\":\"Colegio Alem\u00e1n de Barranquilla\"},\"image\":{\"@id\":\"https:\\\/\\\/colegioaleman.edu.co\\\/#\\\/schema\\\/logo\\\/image\\\/\"},\"sameAs\":[\"https:\\\/\\\/www.facebook.com\\\/ColegioAlemanBaq\",\"https:\\\/\\\/www.instagram.com\\\/colegioalemanbaq\\\/\",\"https:\\\/\\\/www.youtube.com\\\/@Colegioalemanbaq\"]},{\"@type\":\"Person\",\"@id\":\"https:\\\/\\\/colegioaleman.edu.co\\\/#\\\/schema\\\/person\\\/a3570e930ad02e6417acaf5b4cb97685\",\"name\":\"sistemas\",\"image\":{\"@type\":\"ImageObject\",\"inLanguage\":\"en-GB\",\"@id\":\"https:\\\/\\\/secure.gravatar.com\\\/avatar\\\/aeef59628e7b738975a2f47acb96a39003de09dcc227653c42ebb2f02e4e2a0c?s=96&d=mm&r=g\",\"url\":\"https:\\\/\\\/secure.gravatar.com\\\/avatar\\\/aeef59628e7b738975a2f47acb96a39003de09dcc227653c42ebb2f02e4e2a0c?s=96&d=mm&r=g\",\"contentUrl\":\"https:\\\/\\\/secure.gravatar.com\\\/avatar\\\/aeef59628e7b738975a2f47acb96a39003de09dcc227653c42ebb2f02e4e2a0c?s=96&d=mm&r=g\",\"caption\":\"sistemas\"},\"sameAs\":[\"https:\\\/\\\/colegioaleman.edu.co\"],\"url\":\"https:\\\/\\\/colegioaleman.edu.co\\\/en\\\/author\\\/sistemas\\\/\"}]}<\/script>\n<!-- \/ Yoast SEO plugin. -->","yoast_head_json":{"title":"C\u00f3mo fomentar la curiosidad y el pensamiento aut\u00f3nomo en los hijos - Colegio Alem\u00e1n de Barranquilla","description":"Descubre c\u00f3mo fomentar el pensamiento aut\u00f3nomo, la curiosidad y la capacidad de indagar en ni\u00f1os y adolescentes desde el hogar y la escuela.","robots":{"index":"index","follow":"follow","max-snippet":"max-snippet:-1","max-image-preview":"max-image-preview:large","max-video-preview":"max-video-preview:-1"},"canonical":"https:\/\/colegioaleman.edu.co\/en\/blog\/como-fomentar-la-curiosidad-y-el-pensamiento-autonomo-en-los-hijos\/","og_locale":"en_GB","og_type":"article","og_title":"C\u00f3mo fomentar la curiosidad y el pensamiento aut\u00f3nomo en los hijos - Colegio Alem\u00e1n de Barranquilla","og_description":"Descubre c\u00f3mo fomentar el pensamiento aut\u00f3nomo, la curiosidad y la capacidad de indagar en ni\u00f1os y adolescentes desde el hogar y la escuela.","og_url":"https:\/\/colegioaleman.edu.co\/en\/blog\/como-fomentar-la-curiosidad-y-el-pensamiento-autonomo-en-los-hijos\/","og_site_name":"Colegio Alem\u00e1n de Barranquilla","article_publisher":"https:\/\/www.facebook.com\/ColegioAlemanBaq","article_published_time":"2026-09-02T14:03:16+00:00","article_modified_time":"2026-09-03T15:25:01+00:00","og_image":[{"width":1024,"height":577,"url":"https:\/\/webcolegioalemanweb.s3.us-east-2.amazonaws.com\/wp-content\/uploads\/2026\/09\/02092415\/La-Iguana-81-may.-2026-1024x577.png","type":"image\/png"}],"author":"sistemas","twitter_card":"summary_large_image","twitter_misc":{"Written by":"sistemas","Estimated reading time":"4 minutes"},"schema":{"@context":"https:\/\/schema.org","@graph":[{"@type":"Article","@id":"https:\/\/colegioaleman.edu.co\/blog\/como-fomentar-la-curiosidad-y-el-pensamiento-autonomo-en-los-hijos\/#article","isPartOf":{"@id":"https:\/\/colegioaleman.edu.co\/blog\/como-fomentar-la-curiosidad-y-el-pensamiento-autonomo-en-los-hijos\/"},"author":{"name":"sistemas","@id":"https:\/\/colegioaleman.edu.co\/#\/schema\/person\/a3570e930ad02e6417acaf5b4cb97685"},"headline":"C\u00f3mo fomentar la curiosidad y el pensamiento aut\u00f3nomo en los hijos","datePublished":"2026-09-02T14:03:16+00:00","dateModified":"2026-09-03T15:25:01+00:00","mainEntityOfPage":{"@id":"https:\/\/colegioaleman.edu.co\/blog\/como-fomentar-la-curiosidad-y-el-pensamiento-autonomo-en-los-hijos\/"},"wordCount":812,"publisher":{"@id":"https:\/\/colegioaleman.edu.co\/#organization"},"image":{"@id":"https:\/\/colegioaleman.edu.co\/blog\/como-fomentar-la-curiosidad-y-el-pensamiento-autonomo-en-los-hijos\/#primaryimage"},"thumbnailUrl":"https:\/\/webcolegioalemanweb.s3.us-east-2.amazonaws.com\/wp-content\/uploads\/2026\/09\/02092415\/La-Iguana-81-may.-2026.png","keywords":["aprendizaje","autonom\u00eda","curiosidad","desarrollo infantil","familias","Pensamiento aut\u00f3nomo","pensamiento cr\u00edtico","psicolog\u00eda escolar."],"articleSection":["Blog"],"inLanguage":"en-GB"},{"@type":"WebPage","@id":"https:\/\/colegioaleman.edu.co\/blog\/como-fomentar-la-curiosidad-y-el-pensamiento-autonomo-en-los-hijos\/","url":"https:\/\/colegioaleman.edu.co\/blog\/como-fomentar-la-curiosidad-y-el-pensamiento-autonomo-en-los-hijos\/","name":"C\u00f3mo fomentar la curiosidad y el pensamiento aut\u00f3nomo en los hijos - Colegio Alem\u00e1n de Barranquilla","isPartOf":{"@id":"https:\/\/colegioaleman.edu.co\/#website"},"primaryImageOfPage":{"@id":"https:\/\/colegioaleman.edu.co\/blog\/como-fomentar-la-curiosidad-y-el-pensamiento-autonomo-en-los-hijos\/#primaryimage"},"image":{"@id":"https:\/\/colegioaleman.edu.co\/blog\/como-fomentar-la-curiosidad-y-el-pensamiento-autonomo-en-los-hijos\/#primaryimage"},"thumbnailUrl":"https:\/\/webcolegioalemanweb.s3.us-east-2.amazonaws.com\/wp-content\/uploads\/2026\/09\/02092415\/La-Iguana-81-may.-2026.png","datePublished":"2026-09-02T14:03:16+00:00","dateModified":"2026-09-03T15:25:01+00:00","description":"Descubre c\u00f3mo fomentar el pensamiento aut\u00f3nomo, la curiosidad y la capacidad de indagar en ni\u00f1os y adolescentes desde el hogar y la escuela.","breadcrumb":{"@id":"https:\/\/colegioaleman.edu.co\/blog\/como-fomentar-la-curiosidad-y-el-pensamiento-autonomo-en-los-hijos\/#breadcrumb"},"inLanguage":"en-GB","potentialAction":[{"@type":"ReadAction","target":["https:\/\/colegioaleman.edu.co\/blog\/como-fomentar-la-curiosidad-y-el-pensamiento-autonomo-en-los-hijos\/"]}]},{"@type":"ImageObject","inLanguage":"en-GB","@id":"https:\/\/colegioaleman.edu.co\/blog\/como-fomentar-la-curiosidad-y-el-pensamiento-autonomo-en-los-hijos\/#primaryimage","url":"https:\/\/webcolegioalemanweb.s3.us-east-2.amazonaws.com\/wp-content\/uploads\/2026\/09\/02092415\/La-Iguana-81-may.-2026.png","contentUrl":"https:\/\/webcolegioalemanweb.s3.us-east-2.amazonaws.com\/wp-content\/uploads\/2026\/09\/02092415\/La-Iguana-81-may.-2026.png","width":1270,"height":715,"caption":"La curiosidad, la reflexi\u00f3n y la autonom\u00eda son fundamentales para aprender a lo largo de la vida."},{"@type":"BreadcrumbList","@id":"https:\/\/colegioaleman.edu.co\/blog\/como-fomentar-la-curiosidad-y-el-pensamiento-autonomo-en-los-hijos\/#breadcrumb","itemListElement":[{"@type":"ListItem","position":1,"name":"Inicio","item":"https:\/\/colegioaleman.edu.co\/"},{"@type":"ListItem","position":2,"name":"C\u00f3mo fomentar la curiosidad y el pensamiento aut\u00f3nomo en los hijos"}]},{"@type":"WebSite","@id":"https:\/\/colegioaleman.edu.co\/#website","url":"https:\/\/colegioaleman.edu.co\/","name":"German School of Barranquilla","description":"Colegio Alem\u00e1n de Barranquilla - Educaci\u00f3n Triling\u00fce Internacional","publisher":{"@id":"https:\/\/colegioaleman.edu.co\/#organization"},"potentialAction":[{"@type":"SearchAction","target":{"@type":"EntryPoint","urlTemplate":"https:\/\/colegioaleman.edu.co\/?s={search_term_string}"},"query-input":{"@type":"PropertyValueSpecification","valueRequired":true,"valueName":"search_term_string"}}],"inLanguage":"en-GB"},{"@type":"Organization","@id":"https:\/\/colegioaleman.edu.co\/#organization","name":"German School of Barranquilla","url":"https:\/\/colegioaleman.edu.co\/","logo":{"@type":"ImageObject","inLanguage":"en-GB","@id":"https:\/\/colegioaleman.edu.co\/#\/schema\/logo\/image\/","url":"https:\/\/webcolegioalemanweb.s3.us-east-2.amazonaws.com\/wp-content\/uploads\/2025\/05\/19131621\/cropped-cropped-iguana-3.png","contentUrl":"https:\/\/webcolegioalemanweb.s3.us-east-2.amazonaws.com\/wp-content\/uploads\/2025\/05\/19131621\/cropped-cropped-iguana-3.png","width":511,"height":360,"caption":"Colegio Alem\u00e1n de Barranquilla"},"image":{"@id":"https:\/\/colegioaleman.edu.co\/#\/schema\/logo\/image\/"},"sameAs":["https:\/\/www.facebook.com\/ColegioAlemanBaq","https:\/\/www.instagram.com\/colegioalemanbaq\/","https:\/\/www.youtube.com\/@Colegioalemanbaq"]},{"@type":"Person","@id":"https:\/\/colegioaleman.edu.co\/#\/schema\/person\/a3570e930ad02e6417acaf5b4cb97685","name":"sistemas","image":{"@type":"ImageObject","inLanguage":"en-GB","@id":"https:\/\/secure.gravatar.com\/avatar\/aeef59628e7b738975a2f47acb96a39003de09dcc227653c42ebb2f02e4e2a0c?s=96&d=mm&r=g","url":"https:\/\/secure.gravatar.com\/avatar\/aeef59628e7b738975a2f47acb96a39003de09dcc227653c42ebb2f02e4e2a0c?s=96&d=mm&r=g","contentUrl":"https:\/\/secure.gravatar.com\/avatar\/aeef59628e7b738975a2f47acb96a39003de09dcc227653c42ebb2f02e4e2a0c?s=96&d=mm&r=g","caption":"sistemas"},"sameAs":["https:\/\/colegioaleman.edu.co"],"url":"https:\/\/colegioaleman.edu.co\/en\/author\/sistemas\/"}]}},"_links":{"self":[{"href":"https:\/\/colegioaleman.edu.co\/en\/wp-json\/wp\/v2\/posts\/6521","targetHints":{"allow":["GET"]}}],"collection":[{"href":"https:\/\/colegioaleman.edu.co\/en\/wp-json\/wp\/v2\/posts"}],"about":[{"href":"https:\/\/colegioaleman.edu.co\/en\/wp-json\/wp\/v2\/types\/post"}],"author":[{"embeddable":true,"href":"https:\/\/colegioaleman.edu.co\/en\/wp-json\/wp\/v2\/users\/1"}],"replies":[{"embeddable":true,"href":"https:\/\/colegioaleman.edu.co\/en\/wp-json\/wp\/v2\/comments?post=6521"}],"version-history":[{"count":5,"href":"https:\/\/colegioaleman.edu.co\/en\/wp-json\/wp\/v2\/posts\/6521\/revisions"}],"predecessor-version":[{"id":6630,"href":"https:\/\/colegioaleman.edu.co\/en\/wp-json\/wp\/v2\/posts\/6521\/revisions\/6630"}],"wp:featuredmedia":[{"embeddable":true,"href":"https:\/\/colegioaleman.edu.co\/en\/wp-json\/wp\/v2\/media\/6527"}],"wp:attachment":[{"href":"https:\/\/colegioaleman.edu.co\/en\/wp-json\/wp\/v2\/media?parent=6521"}],"wp:term":[{"taxonomy":"category","embeddable":true,"href":"https:\/\/colegioaleman.edu.co\/en\/wp-json\/wp\/v2\/categories?post=6521"},{"taxonomy":"post_tag","embeddable":true,"href":"https:\/\/colegioaleman.edu.co\/en\/wp-json\/wp\/v2\/tags?post=6521"}],"curies":[{"name":"wp","href":"https:\/\/api.w.org\/{rel}","templated":true}]}}