{"id":4156,"date":"2026-04-30T08:40:49","date_gmt":"2026-04-30T13:40:49","guid":{"rendered":"https:\/\/colegioaleman.edu.co\/?p=4156"},"modified":"2026-04-30T09:44:17","modified_gmt":"2026-04-30T14:44:17","slug":"encuentro-jardines-aliados-bienestar-docente-educacion-felicidad","status":"publish","type":"post","link":"https:\/\/colegioaleman.edu.co\/en\/noticias\/encuentro-jardines-aliados-bienestar-docente-educacion-felicidad\/","title":{"rendered":"Encuentro con jardines infantiles aliados: claves para fortalecer el bienestar docente y la educaci\u00f3n para la felicidad"},"content":{"rendered":"<div data-elementor-type=\"wp-post\" data-elementor-id=\"4156\" class=\"elementor elementor-4156\" data-elementor-post-type=\"post\">\n\t\t\t\t<div class=\"elementor-element elementor-element-c4145e8 e-flex e-con-boxed e-con e-parent\" data-id=\"c4145e8\" data-element_type=\"container\" data-e-type=\"container\">\n\t\t\t\t\t<div class=\"e-con-inner\">\n\t\t\t\t<div class=\"elementor-element elementor-element-0d90a9f elementor-widget elementor-widget-heading\" data-id=\"0d90a9f\" data-element_type=\"widget\" data-e-type=\"widget\" data-widget_type=\"heading.default\">\n\t\t\t\t<div class=\"elementor-widget-container\">\n\t\t\t\t\t<h1 class=\"elementor-heading-title elementor-size-default\">Encuentro con jardines infantiles aliados: claves para fortalecer el bienestar docente y la educaci\u00f3n para la felicidad<\/h1>\t\t\t\t<\/div>\n\t\t\t\t<\/div>\n\t\t\t\t\t<\/div>\n\t\t\t\t<\/div>\n\t\t<div class=\"elementor-element elementor-element-a8a647d e-flex e-con-boxed e-con e-parent\" data-id=\"a8a647d\" data-element_type=\"container\" data-e-type=\"container\">\n\t\t\t\t\t<div class=\"e-con-inner\">\n\t\t\t\t<div class=\"elementor-element elementor-element-910aab0 elementor-widget elementor-widget-text-editor\" data-id=\"910aab0\" data-element_type=\"widget\" data-e-type=\"widget\" data-widget_type=\"text-editor.default\">\n\t\t\t\t<div class=\"elementor-widget-container\">\n\t\t\t\t\t\t\t\t\t<p><em><span style=\"font-size: 1rem;\">La Direcci\u00f3n de Kindergarten, en conjunto con el \u00e1rea de Admisiones y Egresados del Colegio Alem\u00e1n de Barranquilla, lider\u00f3 un espacio de articulaci\u00f3n con jardines aliados, enfocado en el bienestar docente y la educaci\u00f3n para la felicidad desde la primera infancia, dos pilares clave para la calidad educativa.<\/span><\/em><\/p>\t\t\t\t\t\t\t\t<\/div>\n\t\t\t\t<\/div>\n\t\t\t\t\t<\/div>\n\t\t\t\t<\/div>\n\t\t<div class=\"elementor-element elementor-element-0a9833a e-flex e-con-boxed e-con e-parent\" data-id=\"0a9833a\" data-element_type=\"container\" data-e-type=\"container\">\n\t\t\t\t\t<div class=\"e-con-inner\">\n\t\t<div class=\"elementor-element elementor-element-56b83ec e-con-full e-flex e-con e-child\" data-id=\"56b83ec\" data-element_type=\"container\" data-e-type=\"container\">\n\t\t\t\t<div class=\"elementor-element elementor-element-0b1675a elementor-widget elementor-widget-image\" data-id=\"0b1675a\" data-element_type=\"widget\" data-e-type=\"widget\" data-widget_type=\"image.default\">\n\t\t\t\t<div class=\"elementor-widget-container\">\n\t\t\t\t\t\t\t\t\t\t\t\t<figure class=\"wp-caption\">\n\t\t\t\t\t\t\t\t\t\t<img fetchpriority=\"high\" decoding=\"async\" width=\"800\" height=\"559\" src=\"https:\/\/webcolegioalemanweb.s3.us-east-2.amazonaws.com\/wp-content\/uploads\/2026\/04\/30081338\/desayuno-jardines-e1777554988597-1024x716.jpg\" class=\"attachment-large size-large wp-image-4160\" alt=\"\" srcset=\"https:\/\/webcolegioalemanweb.s3.us-east-2.amazonaws.com\/wp-content\/uploads\/2026\/04\/30081338\/desayuno-jardines-e1777554988597-1024x716.jpg 1024w, https:\/\/webcolegioalemanweb.s3.us-east-2.amazonaws.com\/wp-content\/uploads\/2026\/04\/30081338\/desayuno-jardines-e1777554988597-300x210.jpg 300w, https:\/\/webcolegioalemanweb.s3.us-east-2.amazonaws.com\/wp-content\/uploads\/2026\/04\/30081338\/desayuno-jardines-e1777554988597-768x537.jpg 768w, https:\/\/webcolegioalemanweb.s3.us-east-2.amazonaws.com\/wp-content\/uploads\/2026\/04\/30081338\/desayuno-jardines-e1777554988597-18x12.jpg 18w, https:\/\/webcolegioalemanweb.s3.us-east-2.amazonaws.com\/wp-content\/uploads\/2026\/04\/30081338\/desayuno-jardines-e1777554988597-600x420.jpg 600w, https:\/\/webcolegioalemanweb.s3.us-east-2.amazonaws.com\/wp-content\/uploads\/2026\/04\/30081338\/desayuno-jardines-e1777554988597.jpg 1220w\" sizes=\"(max-width: 800px) 100vw, 800px\" \/>\t\t\t\t\t\t\t\t\t\t\t<figcaption class=\"widget-image-caption wp-caption-text\">Representantes de nuestro Colegio con algunos de los participantes al encuentro.<\/figcaption>\n\t\t\t\t\t\t\t\t\t\t<\/figure>\n\t\t\t\t\t\t\t\t\t<\/div>\n\t\t\t\t<\/div>\n\t\t\t\t<\/div>\n\t\t<div class=\"elementor-element elementor-element-dbc9469 e-con-full e-flex e-con e-child\" data-id=\"dbc9469\" data-element_type=\"container\" data-e-type=\"container\">\n\t\t<div class=\"elementor-element elementor-element-3a85630 e-con-full e-flex e-con e-child\" data-id=\"3a85630\" data-element_type=\"container\" data-e-type=\"container\">\n\t\t\t\t<div class=\"elementor-element elementor-element-477c6c7 elementor-widget elementor-widget-text-editor\" data-id=\"477c6c7\" data-element_type=\"widget\" data-e-type=\"widget\" data-widget_type=\"text-editor.default\">\n\t\t\t\t<div class=\"elementor-widget-container\">\n\t\t\t\t\t\t\t\t\t<p data-start=\"264\" data-end=\"420\">La <strong data-start=\"267\" data-end=\"318\">educaci\u00f3n para la felicidad y bienestar docente<\/strong> es un eje fundamental para el desarrollo de entornos educativos de calidad desde la primera infancia.\u00a0<\/p><p data-start=\"264\" data-end=\"420\">En l\u00ednea con esto, la Direcci\u00f3n de Kindergarten y el \u00e1rea de Admisiones y Egresados del Colegio Alem\u00e1n de Barranquilla lideraron un encuentro con representantes de la red de jardines infantiles aliados.<\/p><p data-start=\"264\" data-end=\"420\">El objetivo fue fortalecer el trabajo conjunto frente a los desaf\u00edos actuales de la educaci\u00f3n inicial.<\/p><p data-section-id=\"19cl54c\" data-start=\"734\" data-end=\"812\"><span role=\"text\"><strong data-start=\"738\" data-end=\"812\">Educaci\u00f3n para la felicidad y bienestar docente en la primera infancia<\/strong><\/span><\/p><p data-start=\"814\" data-end=\"1082\">El espacio se centr\u00f3 en dos ejes clave: la <strong data-start=\"857\" data-end=\"914\">educaci\u00f3n para la felicidad desde la primera infancia<\/strong> y el <strong data-start=\"920\" data-end=\"941\">bienestar docente<\/strong>. Ambos son fundamentales para construir entornos educativos de calidad. Adem\u00e1s, permiten promover el desarrollo integral de los estudiantes.<\/p><p data-start=\"1084\" data-end=\"1307\">\u00a0<\/p>\t\t\t\t\t\t\t\t<\/div>\n\t\t\t\t<\/div>\n\t\t\t\t<\/div>\n\t\t\t\t<\/div>\n\t\t\t\t\t<\/div>\n\t\t\t\t<\/div>\n\t\t<div class=\"elementor-element elementor-element-cdcc461 e-flex e-con-boxed e-con e-parent\" data-id=\"cdcc461\" data-element_type=\"container\" data-e-type=\"container\">\n\t\t\t\t\t<div class=\"e-con-inner\">\n\t\t\t\t<div class=\"elementor-element elementor-element-f615a43 elementor-widget elementor-widget-text-editor\" data-id=\"f615a43\" data-element_type=\"widget\" data-e-type=\"widget\" data-widget_type=\"text-editor.default\">\n\t\t\t\t<div class=\"elementor-widget-container\">\n\t\t\t\t\t\t\t\t\t<p data-section-id=\"1yhe5ww\" data-start=\"1105\" data-end=\"1158\">Durante la jornada, los participantes analizaron c\u00f3mo el bienestar de los docentes impacta directamente en los procesos de ense\u00f1anza y aprendizaje. Esto favorece experiencias m\u00e1s significativas para los ni\u00f1os y ni\u00f1as desde sus primeros a\u00f1os.<\/p><p data-section-id=\"1yhe5ww\" data-start=\"1309\" data-end=\"1362\"><span role=\"text\"><strong data-start=\"1313\" data-end=\"1362\">Fortalecimiento de la red de jardines infantiles aliados<\/strong><\/span><\/p><p data-start=\"1364\" data-end=\"1624\">Asimismo, el encuentro permiti\u00f3 socializar las principales novedades institucionales. De igual forma, se compartieron los beneficios exclusivos disponibles para las instituciones aliadas. Estas acciones fortalecen una red basada en la confianza y el acompa\u00f1amiento.<\/p><p data-start=\"1626\" data-end=\"1839\">En este sentido, tambi\u00e9n se promovi\u00f3 el intercambio de buenas pr\u00e1cticas y la construcci\u00f3n de v\u00ednculos sostenibles en el tiempo. Esto contribuye al crecimiento conjunto y al fortalecimiento de la educaci\u00f3n inicial.<\/p><p data-section-id=\"1diiyq4\" data-start=\"1841\" data-end=\"1885\"><span role=\"text\"><strong data-start=\"1845\" data-end=\"1885\">Trabajo conjunto y calidad educativa<\/strong><\/span><\/p><p data-start=\"1887\" data-end=\"2053\">Como conclusi\u00f3n, se destac\u00f3 la importancia de mantener un di\u00e1logo permanente. Este tipo de espacios favorece el intercambio de experiencias y el aprendizaje conjunto.<\/p><p data-start=\"2055\" data-end=\"2281\">De esta manera, se impulsa la <strong data-start=\"2191\" data-end=\"2212\">calidad educativa<\/strong>, el bienestar docente y el desarrollo integral de los ni\u00f1os y las ni\u00f1as.<\/p>\t\t\t\t\t\t\t\t<\/div>\n\t\t\t\t<\/div>\n\t\t\t\t\t<\/div>\n\t\t\t\t<\/div>\n\t\t<div class=\"elementor-element elementor-element-b5ce34c e-flex e-con-boxed e-con e-parent\" data-id=\"b5ce34c\" data-element_type=\"container\" data-e-type=\"container\">\n\t\t\t\t\t<div class=\"e-con-inner\">\n\t\t\t\t<div class=\"elementor-element elementor-element-1beee60 elementor-widget elementor-widget-gallery\" data-id=\"1beee60\" data-element_type=\"widget\" data-e-type=\"widget\" data-settings=\"{&quot;columns&quot;:3,&quot;gallery_layout&quot;:&quot;grid&quot;,&quot;columns_tablet&quot;:2,&quot;columns_mobile&quot;:1,&quot;gap&quot;:{&quot;unit&quot;:&quot;px&quot;,&quot;size&quot;:10,&quot;sizes&quot;:[]},&quot;gap_tablet&quot;:{&quot;unit&quot;:&quot;px&quot;,&quot;size&quot;:10,&quot;sizes&quot;:[]},&quot;gap_mobile&quot;:{&quot;unit&quot;:&quot;px&quot;,&quot;size&quot;:10,&quot;sizes&quot;:[]},&quot;link_to&quot;:&quot;file&quot;,&quot;aspect_ratio&quot;:&quot;3:2&quot;,&quot;overlay_background&quot;:&quot;yes&quot;,&quot;content_hover_animation&quot;:&quot;fade-in&quot;}\" data-widget_type=\"gallery.default\">\n\t\t\t\t<div class=\"elementor-widget-container\">\n\t\t\t\t\t\t\t<div class=\"elementor-gallery__container\">\n\t\t\t\t\t\t\t<a class=\"e-gallery-item elementor-gallery-item elementor-animated-content\" href=\"https:\/\/webcolegioalemanweb.s3.us-east-2.amazonaws.com\/wp-content\/uploads\/2026\/04\/30093939\/web_desayuno-jardines-infantiles-4.webp\" data-elementor-open-lightbox=\"yes\" data-elementor-lightbox-slideshow=\"1beee60\" data-elementor-lightbox-title=\"web_desayuno jardines infantiles (4)\" data-e-action-hash=\"#elementor-action%3Aaction%3Dlightbox%26settings%3DeyJpZCI6NDE5MCwidXJsIjoiaHR0cHM6XC9cL3dlYmNvbGVnaW9hbGVtYW53ZWIuczMudXMtZWFzdC0yLmFtYXpvbmF3cy5jb21cL3dwLWNvbnRlbnRcL3VwbG9hZHNcLzIwMjZcLzA0XC8zMDA5MzkzOVwvd2ViX2Rlc2F5dW5vLWphcmRpbmVzLWluZmFudGlsZXMtNC53ZWJwIiwic2xpZGVzaG93IjoiMWJlZWU2MCJ9\">\n\t\t\t\t\t<div class=\"e-gallery-image elementor-gallery-item__image\" data-thumbnail=\"https:\/\/webcolegioalemanweb.s3.us-east-2.amazonaws.com\/wp-content\/uploads\/2026\/04\/30093939\/web_desayuno-jardines-infantiles-4-300x200.webp\" data-width=\"300\" data-height=\"200\" aria-label=\"\" role=\"img\" ><\/div>\n\t\t\t\t\t\t\t\t\t\t\t<div class=\"elementor-gallery-item__overlay\"><\/div>\n\t\t\t\t\t\t\t\t\t\t\t\t\t\t<\/a>\n\t\t\t\t\t\t\t<a class=\"e-gallery-item elementor-gallery-item elementor-animated-content\" href=\"https:\/\/webcolegioalemanweb.s3.us-east-2.amazonaws.com\/wp-content\/uploads\/2026\/04\/30093941\/web_desayuno-jardines-infantiles-5.webp\" data-elementor-open-lightbox=\"yes\" data-elementor-lightbox-slideshow=\"1beee60\" data-elementor-lightbox-title=\"web_desayuno jardines infantiles (5)\" data-e-action-hash=\"#elementor-action%3Aaction%3Dlightbox%26settings%3DeyJpZCI6NDE5MSwidXJsIjoiaHR0cHM6XC9cL3dlYmNvbGVnaW9hbGVtYW53ZWIuczMudXMtZWFzdC0yLmFtYXpvbmF3cy5jb21cL3dwLWNvbnRlbnRcL3VwbG9hZHNcLzIwMjZcLzA0XC8zMDA5Mzk0MVwvd2ViX2Rlc2F5dW5vLWphcmRpbmVzLWluZmFudGlsZXMtNS53ZWJwIiwic2xpZGVzaG93IjoiMWJlZWU2MCJ9\">\n\t\t\t\t\t<div class=\"e-gallery-image elementor-gallery-item__image\" data-thumbnail=\"https:\/\/webcolegioalemanweb.s3.us-east-2.amazonaws.com\/wp-content\/uploads\/2026\/04\/30093941\/web_desayuno-jardines-infantiles-5-300x200.webp\" data-width=\"300\" data-height=\"200\" aria-label=\"\" role=\"img\" ><\/div>\n\t\t\t\t\t\t\t\t\t\t\t<div class=\"elementor-gallery-item__overlay\"><\/div>\n\t\t\t\t\t\t\t\t\t\t\t\t\t\t<\/a>\n\t\t\t\t\t\t\t<a class=\"e-gallery-item elementor-gallery-item elementor-animated-content\" href=\"https:\/\/webcolegioalemanweb.s3.us-east-2.amazonaws.com\/wp-content\/uploads\/2026\/04\/30093942\/web_desayuno-jardines-infantiles-1.webp\" data-elementor-open-lightbox=\"yes\" data-elementor-lightbox-slideshow=\"1beee60\" data-elementor-lightbox-title=\"web_desayuno jardines infantiles (1)\" data-e-action-hash=\"#elementor-action%3Aaction%3Dlightbox%26settings%3DeyJpZCI6NDE5MiwidXJsIjoiaHR0cHM6XC9cL3dlYmNvbGVnaW9hbGVtYW53ZWIuczMudXMtZWFzdC0yLmFtYXpvbmF3cy5jb21cL3dwLWNvbnRlbnRcL3VwbG9hZHNcLzIwMjZcLzA0XC8zMDA5Mzk0Mlwvd2ViX2Rlc2F5dW5vLWphcmRpbmVzLWluZmFudGlsZXMtMS53ZWJwIiwic2xpZGVzaG93IjoiMWJlZWU2MCJ9\">\n\t\t\t\t\t<div class=\"e-gallery-image elementor-gallery-item__image\" data-thumbnail=\"https:\/\/webcolegioalemanweb.s3.us-east-2.amazonaws.com\/wp-content\/uploads\/2026\/04\/30093942\/web_desayuno-jardines-infantiles-1-300x200.webp\" data-width=\"300\" data-height=\"200\" aria-label=\"\" role=\"img\" ><\/div>\n\t\t\t\t\t\t\t\t\t\t\t<div class=\"elementor-gallery-item__overlay\"><\/div>\n\t\t\t\t\t\t\t\t\t\t\t\t\t\t<\/a>\n\t\t\t\t\t\t\t<a class=\"e-gallery-item elementor-gallery-item elementor-animated-content\" href=\"https:\/\/webcolegioalemanweb.s3.us-east-2.amazonaws.com\/wp-content\/uploads\/2026\/04\/30093943\/web_desayuno-jardines-infantiles-2.webp\" data-elementor-open-lightbox=\"yes\" data-elementor-lightbox-slideshow=\"1beee60\" data-elementor-lightbox-title=\"web_desayuno jardines infantiles (2)\" data-e-action-hash=\"#elementor-action%3Aaction%3Dlightbox%26settings%3DeyJpZCI6NDE5MywidXJsIjoiaHR0cHM6XC9cL3dlYmNvbGVnaW9hbGVtYW53ZWIuczMudXMtZWFzdC0yLmFtYXpvbmF3cy5jb21cL3dwLWNvbnRlbnRcL3VwbG9hZHNcLzIwMjZcLzA0XC8zMDA5Mzk0M1wvd2ViX2Rlc2F5dW5vLWphcmRpbmVzLWluZmFudGlsZXMtMi53ZWJwIiwic2xpZGVzaG93IjoiMWJlZWU2MCJ9\">\n\t\t\t\t\t<div class=\"e-gallery-image elementor-gallery-item__image\" data-thumbnail=\"https:\/\/webcolegioalemanweb.s3.us-east-2.amazonaws.com\/wp-content\/uploads\/2026\/04\/30093943\/web_desayuno-jardines-infantiles-2-300x200.webp\" data-width=\"300\" data-height=\"200\" aria-label=\"\" role=\"img\" ><\/div>\n\t\t\t\t\t\t\t\t\t\t\t<div class=\"elementor-gallery-item__overlay\"><\/div>\n\t\t\t\t\t\t\t\t\t\t\t\t\t\t<\/a>\n\t\t\t\t\t\t\t<a class=\"e-gallery-item elementor-gallery-item elementor-animated-content\" href=\"https:\/\/webcolegioalemanweb.s3.us-east-2.amazonaws.com\/wp-content\/uploads\/2026\/04\/30093945\/web_desayuno-jardines-infantiles-3.webp\" data-elementor-open-lightbox=\"yes\" data-elementor-lightbox-slideshow=\"1beee60\" data-elementor-lightbox-title=\"web_desayuno jardines infantiles (3)\" data-e-action-hash=\"#elementor-action%3Aaction%3Dlightbox%26settings%3DeyJpZCI6NDE5NCwidXJsIjoiaHR0cHM6XC9cL3dlYmNvbGVnaW9hbGVtYW53ZWIuczMudXMtZWFzdC0yLmFtYXpvbmF3cy5jb21cL3dwLWNvbnRlbnRcL3VwbG9hZHNcLzIwMjZcLzA0XC8zMDA5Mzk0NVwvd2ViX2Rlc2F5dW5vLWphcmRpbmVzLWluZmFudGlsZXMtMy53ZWJwIiwic2xpZGVzaG93IjoiMWJlZWU2MCJ9\">\n\t\t\t\t\t<div class=\"e-gallery-image elementor-gallery-item__image\" data-thumbnail=\"https:\/\/webcolegioalemanweb.s3.us-east-2.amazonaws.com\/wp-content\/uploads\/2026\/04\/30093945\/web_desayuno-jardines-infantiles-3-300x200.webp\" data-width=\"300\" data-height=\"200\" aria-label=\"\" role=\"img\" ><\/div>\n\t\t\t\t\t\t\t\t\t\t\t<div class=\"elementor-gallery-item__overlay\"><\/div>\n\t\t\t\t\t\t\t\t\t\t\t\t\t\t<\/a>\n\t\t\t\t\t\t\t<a class=\"e-gallery-item elementor-gallery-item elementor-animated-content\" href=\"https:\/\/webcolegioalemanweb.s3.us-east-2.amazonaws.com\/wp-content\/uploads\/2026\/04\/30081338\/desayuno-jardines-e1777554988597.jpg\" data-elementor-open-lightbox=\"yes\" data-elementor-lightbox-slideshow=\"1beee60\" data-elementor-lightbox-title=\"desayuno jardines\" data-e-action-hash=\"#elementor-action%3Aaction%3Dlightbox%26settings%3DeyJpZCI6NDE2MCwidXJsIjoiaHR0cHM6XC9cL3dlYmNvbGVnaW9hbGVtYW53ZWIuczMudXMtZWFzdC0yLmFtYXpvbmF3cy5jb21cL3dwLWNvbnRlbnRcL3VwbG9hZHNcLzIwMjZcLzA0XC8zMDA4MTMzOFwvZGVzYXl1bm8tamFyZGluZXMtZTE3Nzc1NTQ5ODg1OTcuanBnIiwic2xpZGVzaG93IjoiMWJlZWU2MCJ9\">\n\t\t\t\t\t<div class=\"e-gallery-image elementor-gallery-item__image\" data-thumbnail=\"https:\/\/webcolegioalemanweb.s3.us-east-2.amazonaws.com\/wp-content\/uploads\/2026\/04\/30081338\/desayuno-jardines-e1777554988597-300x210.jpg\" data-width=\"300\" data-height=\"210\" aria-label=\"\" role=\"img\" ><\/div>\n\t\t\t\t\t\t\t\t\t\t\t<div class=\"elementor-gallery-item__overlay\"><\/div>\n\t\t\t\t\t\t\t\t\t\t\t\t\t\t<\/a>\n\t\t\t\t\t<\/div>\n\t\t\t\t\t<\/div>\n\t\t\t\t<\/div>\n\t\t\t\t<div class=\"elementor-element elementor-element-90e665a elementor-widget-divider--view-line elementor-widget elementor-widget-divider\" data-id=\"90e665a\" data-element_type=\"widget\" data-e-type=\"widget\" data-widget_type=\"divider.default\">\n\t\t\t\t<div class=\"elementor-widget-container\">\n\t\t\t\t\t\t\t<div class=\"elementor-divider\">\n\t\t\t<span class=\"elementor-divider-separator\">\n\t\t\t\t\t\t<\/span>\n\t\t<\/div>\n\t\t\t\t\t\t<\/div>\n\t\t\t\t<\/div>\n\t\t\t\t\t<\/div>\n\t\t\t\t<\/div>\n\t\t\t\t<\/div>","protected":false},"excerpt":{"rendered":"<p>Encuentro con jardines aliados para reflexionar sobre el bienestar docente y la educaci\u00f3n para la felicidad desde la primera infancia, fortaleciendo estrategias que impactan la calidad educativa y el desarrollo integral de los ni\u00f1os y ni\u00f1as.<\/p>","protected":false},"author":1,"featured_media":4194,"comment_status":"closed","ping_status":"closed","sticky":false,"template":"","format":"standard","meta":{"footnotes":""},"categories":[12],"tags":[60,64,63,66,59,65,62,61],"class_list":["post-4156","post","type-post","status-publish","format-standard","has-post-thumbnail","hentry","category-noticias","tag-bienestar-docente","tag-calidad-educativa","tag-comunidad-educativa","tag-desarrollo-integral","tag-educacion-inicial","tag-innovacion-pedagogica","tag-jardines-aliados","tag-primera-infancia"],"yoast_head":"<!-- This site is optimized with the Yoast SEO plugin v27.5 - https:\/\/yoast.com\/product\/yoast-seo-wordpress\/ -->\n<title>Educaci\u00f3n para la felicidad y bienestar docente en jardines aliados<\/title>\n<meta name=\"description\" content=\"Educaci\u00f3n para la felicidad y bienestar docente en la educaci\u00f3n inicial: encuentro con jardines aliados para fortalecer la calidad educativa.\" \/>\n<meta name=\"robots\" content=\"index, follow, max-snippet:-1, max-image-preview:large, max-video-preview:-1\" \/>\n<link rel=\"canonical\" href=\"https:\/\/colegioaleman.edu.co\/en\/noticias\/encuentro-jardines-aliados-bienestar-docente-educacion-felicidad\/\" \/>\n<meta property=\"og:locale\" content=\"en_GB\" \/>\n<meta property=\"og:type\" content=\"article\" \/>\n<meta property=\"og:title\" content=\"Educaci\u00f3n para la felicidad y bienestar docente en jardines aliados\" \/>\n<meta property=\"og:description\" content=\"Educaci\u00f3n para la felicidad y bienestar docente en la educaci\u00f3n inicial: encuentro con jardines aliados para fortalecer la calidad educativa.\" \/>\n<meta property=\"og:url\" content=\"https:\/\/colegioaleman.edu.co\/en\/noticias\/encuentro-jardines-aliados-bienestar-docente-educacion-felicidad\/\" \/>\n<meta property=\"og:site_name\" content=\"Colegio Alem\u00e1n de Barranquilla\" \/>\n<meta property=\"article:publisher\" content=\"https:\/\/www.facebook.com\/ColegioAlemanBaq\" \/>\n<meta property=\"article:published_time\" content=\"2026-04-30T13:40:49+00:00\" \/>\n<meta property=\"article:modified_time\" content=\"2026-04-30T14:44:17+00:00\" \/>\n<meta property=\"og:image\" content=\"https:\/\/webcolegioalemanweb.s3.us-east-2.amazonaws.com\/wp-content\/uploads\/2026\/04\/30093945\/web_desayuno-jardines-infantiles-3.webp\" \/>\n\t<meta property=\"og:image:width\" content=\"1280\" \/>\n\t<meta property=\"og:image:height\" content=\"853\" \/>\n\t<meta property=\"og:image:type\" content=\"image\/webp\" \/>\n<meta name=\"author\" content=\"sistemas\" \/>\n<meta name=\"twitter:card\" content=\"summary_large_image\" \/>\n<meta name=\"twitter:label1\" content=\"Written by\" \/>\n\t<meta name=\"twitter:data1\" content=\"sistemas\" \/>\n\t<meta name=\"twitter:label2\" content=\"Estimated reading time\" \/>\n\t<meta name=\"twitter:data2\" content=\"2 minutes\" \/>\n<script type=\"application\/ld+json\" class=\"yoast-schema-graph\">{\"@context\":\"https:\\\/\\\/schema.org\",\"@graph\":[{\"@type\":\"Article\",\"@id\":\"https:\\\/\\\/colegioaleman.edu.co\\\/noticias\\\/encuentro-jardines-aliados-bienestar-docente-educacion-felicidad\\\/#article\",\"isPartOf\":{\"@id\":\"https:\\\/\\\/colegioaleman.edu.co\\\/noticias\\\/encuentro-jardines-aliados-bienestar-docente-educacion-felicidad\\\/\"},\"author\":{\"name\":\"sistemas\",\"@id\":\"https:\\\/\\\/colegioaleman.edu.co\\\/#\\\/schema\\\/person\\\/a3570e930ad02e6417acaf5b4cb97685\"},\"headline\":\"Encuentro con jardines infantiles aliados: claves para fortalecer el bienestar docente y la educaci\u00f3n para la felicidad\",\"datePublished\":\"2026-04-30T13:40:49+00:00\",\"dateModified\":\"2026-04-30T14:44:17+00:00\",\"mainEntityOfPage\":{\"@id\":\"https:\\\/\\\/colegioaleman.edu.co\\\/noticias\\\/encuentro-jardines-aliados-bienestar-docente-educacion-felicidad\\\/\"},\"wordCount\":405,\"publisher\":{\"@id\":\"https:\\\/\\\/colegioaleman.edu.co\\\/#organization\"},\"image\":{\"@id\":\"https:\\\/\\\/colegioaleman.edu.co\\\/noticias\\\/encuentro-jardines-aliados-bienestar-docente-educacion-felicidad\\\/#primaryimage\"},\"thumbnailUrl\":\"https:\\\/\\\/webcolegioalemanweb.s3.us-east-2.amazonaws.com\\\/wp-content\\\/uploads\\\/2026\\\/04\\\/30093945\\\/web_desayuno-jardines-infantiles-3.webp\",\"keywords\":[\"bienestar docente\",\"calidad educativa\",\"comunidad educativa\",\"desarrollo integral\",\"Educaci\u00f3n inicial\",\"innovaci\u00f3n pedag\u00f3gica\",\"jardines aliados\",\"primera infancia\"],\"articleSection\":[\"Noticias\"],\"inLanguage\":\"en-GB\"},{\"@type\":\"WebPage\",\"@id\":\"https:\\\/\\\/colegioaleman.edu.co\\\/noticias\\\/encuentro-jardines-aliados-bienestar-docente-educacion-felicidad\\\/\",\"url\":\"https:\\\/\\\/colegioaleman.edu.co\\\/noticias\\\/encuentro-jardines-aliados-bienestar-docente-educacion-felicidad\\\/\",\"name\":\"Educaci\u00f3n para la felicidad y bienestar docente en jardines aliados\",\"isPartOf\":{\"@id\":\"https:\\\/\\\/colegioaleman.edu.co\\\/#website\"},\"primaryImageOfPage\":{\"@id\":\"https:\\\/\\\/colegioaleman.edu.co\\\/noticias\\\/encuentro-jardines-aliados-bienestar-docente-educacion-felicidad\\\/#primaryimage\"},\"image\":{\"@id\":\"https:\\\/\\\/colegioaleman.edu.co\\\/noticias\\\/encuentro-jardines-aliados-bienestar-docente-educacion-felicidad\\\/#primaryimage\"},\"thumbnailUrl\":\"https:\\\/\\\/webcolegioalemanweb.s3.us-east-2.amazonaws.com\\\/wp-content\\\/uploads\\\/2026\\\/04\\\/30093945\\\/web_desayuno-jardines-infantiles-3.webp\",\"datePublished\":\"2026-04-30T13:40:49+00:00\",\"dateModified\":\"2026-04-30T14:44:17+00:00\",\"description\":\"Educaci\u00f3n para la felicidad y bienestar docente en la educaci\u00f3n inicial: encuentro con jardines aliados para fortalecer la calidad educativa.\",\"breadcrumb\":{\"@id\":\"https:\\\/\\\/colegioaleman.edu.co\\\/noticias\\\/encuentro-jardines-aliados-bienestar-docente-educacion-felicidad\\\/#breadcrumb\"},\"inLanguage\":\"en-GB\",\"potentialAction\":[{\"@type\":\"ReadAction\",\"target\":[\"https:\\\/\\\/colegioaleman.edu.co\\\/noticias\\\/encuentro-jardines-aliados-bienestar-docente-educacion-felicidad\\\/\"]}]},{\"@type\":\"ImageObject\",\"inLanguage\":\"en-GB\",\"@id\":\"https:\\\/\\\/colegioaleman.edu.co\\\/noticias\\\/encuentro-jardines-aliados-bienestar-docente-educacion-felicidad\\\/#primaryimage\",\"url\":\"https:\\\/\\\/webcolegioalemanweb.s3.us-east-2.amazonaws.com\\\/wp-content\\\/uploads\\\/2026\\\/04\\\/30093945\\\/web_desayuno-jardines-infantiles-3.webp\",\"contentUrl\":\"https:\\\/\\\/webcolegioalemanweb.s3.us-east-2.amazonaws.com\\\/wp-content\\\/uploads\\\/2026\\\/04\\\/30093945\\\/web_desayuno-jardines-infantiles-3.webp\",\"width\":1280,\"height\":853},{\"@type\":\"BreadcrumbList\",\"@id\":\"https:\\\/\\\/colegioaleman.edu.co\\\/noticias\\\/encuentro-jardines-aliados-bienestar-docente-educacion-felicidad\\\/#breadcrumb\",\"itemListElement\":[{\"@type\":\"ListItem\",\"position\":1,\"name\":\"Inicio\",\"item\":\"https:\\\/\\\/colegioaleman.edu.co\\\/\"},{\"@type\":\"ListItem\",\"position\":2,\"name\":\"Encuentro con jardines infantiles aliados: claves para fortalecer el bienestar docente y la educaci\u00f3n para la felicidad\"}]},{\"@type\":\"WebSite\",\"@id\":\"https:\\\/\\\/colegioaleman.edu.co\\\/#website\",\"url\":\"https:\\\/\\\/colegioaleman.edu.co\\\/\",\"name\":\"Colegio Alem\u00e1n de Barranquilla\",\"description\":\"Colegio Alem\u00e1n de Barranquilla - Educaci\u00f3n Triling\u00fce Internacional\",\"publisher\":{\"@id\":\"https:\\\/\\\/colegioaleman.edu.co\\\/#organization\"},\"potentialAction\":[{\"@type\":\"SearchAction\",\"target\":{\"@type\":\"EntryPoint\",\"urlTemplate\":\"https:\\\/\\\/colegioaleman.edu.co\\\/?s={search_term_string}\"},\"query-input\":{\"@type\":\"PropertyValueSpecification\",\"valueRequired\":true,\"valueName\":\"search_term_string\"}}],\"inLanguage\":\"en-GB\"},{\"@type\":\"Organization\",\"@id\":\"https:\\\/\\\/colegioaleman.edu.co\\\/#organization\",\"name\":\"Colegio Alem\u00e1n de Barranquilla\",\"url\":\"https:\\\/\\\/colegioaleman.edu.co\\\/\",\"logo\":{\"@type\":\"ImageObject\",\"inLanguage\":\"en-GB\",\"@id\":\"https:\\\/\\\/colegioaleman.edu.co\\\/#\\\/schema\\\/logo\\\/image\\\/\",\"url\":\"https:\\\/\\\/webcolegioalemanweb.s3.us-east-2.amazonaws.com\\\/wp-content\\\/uploads\\\/2025\\\/05\\\/19131621\\\/cropped-cropped-iguana-3.png\",\"contentUrl\":\"https:\\\/\\\/webcolegioalemanweb.s3.us-east-2.amazonaws.com\\\/wp-content\\\/uploads\\\/2025\\\/05\\\/19131621\\\/cropped-cropped-iguana-3.png\",\"width\":511,\"height\":360,\"caption\":\"Colegio Alem\u00e1n de Barranquilla\"},\"image\":{\"@id\":\"https:\\\/\\\/colegioaleman.edu.co\\\/#\\\/schema\\\/logo\\\/image\\\/\"},\"sameAs\":[\"https:\\\/\\\/www.facebook.com\\\/ColegioAlemanBaq\",\"https:\\\/\\\/www.instagram.com\\\/colegioalemanbaq\\\/\",\"https:\\\/\\\/www.youtube.com\\\/@Colegioalemanbaq\"]},{\"@type\":\"Person\",\"@id\":\"https:\\\/\\\/colegioaleman.edu.co\\\/#\\\/schema\\\/person\\\/a3570e930ad02e6417acaf5b4cb97685\",\"name\":\"sistemas\",\"image\":{\"@type\":\"ImageObject\",\"inLanguage\":\"en-GB\",\"@id\":\"https:\\\/\\\/secure.gravatar.com\\\/avatar\\\/aeef59628e7b738975a2f47acb96a39003de09dcc227653c42ebb2f02e4e2a0c?s=96&d=mm&r=g\",\"url\":\"https:\\\/\\\/secure.gravatar.com\\\/avatar\\\/aeef59628e7b738975a2f47acb96a39003de09dcc227653c42ebb2f02e4e2a0c?s=96&d=mm&r=g\",\"contentUrl\":\"https:\\\/\\\/secure.gravatar.com\\\/avatar\\\/aeef59628e7b738975a2f47acb96a39003de09dcc227653c42ebb2f02e4e2a0c?s=96&d=mm&r=g\",\"caption\":\"sistemas\"},\"sameAs\":[\"https:\\\/\\\/colegioaleman.edu.co\"],\"url\":\"https:\\\/\\\/colegioaleman.edu.co\\\/en\\\/author\\\/sistemas\\\/\"}]}<\/script>\n<!-- \/ Yoast SEO plugin. -->","yoast_head_json":{"title":"Educaci\u00f3n para la felicidad y bienestar docente en jardines aliados","description":"Educaci\u00f3n para la felicidad y bienestar docente en la educaci\u00f3n inicial: encuentro con jardines aliados para fortalecer la calidad educativa.","robots":{"index":"index","follow":"follow","max-snippet":"max-snippet:-1","max-image-preview":"max-image-preview:large","max-video-preview":"max-video-preview:-1"},"canonical":"https:\/\/colegioaleman.edu.co\/en\/noticias\/encuentro-jardines-aliados-bienestar-docente-educacion-felicidad\/","og_locale":"en_GB","og_type":"article","og_title":"Educaci\u00f3n para la felicidad y bienestar docente en jardines aliados","og_description":"Educaci\u00f3n para la felicidad y bienestar docente en la educaci\u00f3n inicial: encuentro con jardines aliados para fortalecer la calidad educativa.","og_url":"https:\/\/colegioaleman.edu.co\/en\/noticias\/encuentro-jardines-aliados-bienestar-docente-educacion-felicidad\/","og_site_name":"Colegio Alem\u00e1n de Barranquilla","article_publisher":"https:\/\/www.facebook.com\/ColegioAlemanBaq","article_published_time":"2026-04-30T13:40:49+00:00","article_modified_time":"2026-04-30T14:44:17+00:00","og_image":[{"width":1280,"height":853,"url":"https:\/\/webcolegioalemanweb.s3.us-east-2.amazonaws.com\/wp-content\/uploads\/2026\/04\/30093945\/web_desayuno-jardines-infantiles-3.webp","type":"image\/webp"}],"author":"sistemas","twitter_card":"summary_large_image","twitter_misc":{"Written by":"sistemas","Estimated reading time":"2 minutes"},"schema":{"@context":"https:\/\/schema.org","@graph":[{"@type":"Article","@id":"https:\/\/colegioaleman.edu.co\/noticias\/encuentro-jardines-aliados-bienestar-docente-educacion-felicidad\/#article","isPartOf":{"@id":"https:\/\/colegioaleman.edu.co\/noticias\/encuentro-jardines-aliados-bienestar-docente-educacion-felicidad\/"},"author":{"name":"sistemas","@id":"https:\/\/colegioaleman.edu.co\/#\/schema\/person\/a3570e930ad02e6417acaf5b4cb97685"},"headline":"Encuentro con jardines infantiles aliados: claves para fortalecer el bienestar docente y la educaci\u00f3n para la felicidad","datePublished":"2026-04-30T13:40:49+00:00","dateModified":"2026-04-30T14:44:17+00:00","mainEntityOfPage":{"@id":"https:\/\/colegioaleman.edu.co\/noticias\/encuentro-jardines-aliados-bienestar-docente-educacion-felicidad\/"},"wordCount":405,"publisher":{"@id":"https:\/\/colegioaleman.edu.co\/#organization"},"image":{"@id":"https:\/\/colegioaleman.edu.co\/noticias\/encuentro-jardines-aliados-bienestar-docente-educacion-felicidad\/#primaryimage"},"thumbnailUrl":"https:\/\/webcolegioalemanweb.s3.us-east-2.amazonaws.com\/wp-content\/uploads\/2026\/04\/30093945\/web_desayuno-jardines-infantiles-3.webp","keywords":["bienestar docente","calidad educativa","comunidad educativa","desarrollo integral","Educaci\u00f3n inicial","innovaci\u00f3n pedag\u00f3gica","jardines aliados","primera infancia"],"articleSection":["Noticias"],"inLanguage":"en-GB"},{"@type":"WebPage","@id":"https:\/\/colegioaleman.edu.co\/noticias\/encuentro-jardines-aliados-bienestar-docente-educacion-felicidad\/","url":"https:\/\/colegioaleman.edu.co\/noticias\/encuentro-jardines-aliados-bienestar-docente-educacion-felicidad\/","name":"Educaci\u00f3n para la felicidad y bienestar docente en jardines aliados","isPartOf":{"@id":"https:\/\/colegioaleman.edu.co\/#website"},"primaryImageOfPage":{"@id":"https:\/\/colegioaleman.edu.co\/noticias\/encuentro-jardines-aliados-bienestar-docente-educacion-felicidad\/#primaryimage"},"image":{"@id":"https:\/\/colegioaleman.edu.co\/noticias\/encuentro-jardines-aliados-bienestar-docente-educacion-felicidad\/#primaryimage"},"thumbnailUrl":"https:\/\/webcolegioalemanweb.s3.us-east-2.amazonaws.com\/wp-content\/uploads\/2026\/04\/30093945\/web_desayuno-jardines-infantiles-3.webp","datePublished":"2026-04-30T13:40:49+00:00","dateModified":"2026-04-30T14:44:17+00:00","description":"Educaci\u00f3n para la felicidad y bienestar docente en la educaci\u00f3n inicial: encuentro con jardines aliados para fortalecer la calidad educativa.","breadcrumb":{"@id":"https:\/\/colegioaleman.edu.co\/noticias\/encuentro-jardines-aliados-bienestar-docente-educacion-felicidad\/#breadcrumb"},"inLanguage":"en-GB","potentialAction":[{"@type":"ReadAction","target":["https:\/\/colegioaleman.edu.co\/noticias\/encuentro-jardines-aliados-bienestar-docente-educacion-felicidad\/"]}]},{"@type":"ImageObject","inLanguage":"en-GB","@id":"https:\/\/colegioaleman.edu.co\/noticias\/encuentro-jardines-aliados-bienestar-docente-educacion-felicidad\/#primaryimage","url":"https:\/\/webcolegioalemanweb.s3.us-east-2.amazonaws.com\/wp-content\/uploads\/2026\/04\/30093945\/web_desayuno-jardines-infantiles-3.webp","contentUrl":"https:\/\/webcolegioalemanweb.s3.us-east-2.amazonaws.com\/wp-content\/uploads\/2026\/04\/30093945\/web_desayuno-jardines-infantiles-3.webp","width":1280,"height":853},{"@type":"BreadcrumbList","@id":"https:\/\/colegioaleman.edu.co\/noticias\/encuentro-jardines-aliados-bienestar-docente-educacion-felicidad\/#breadcrumb","itemListElement":[{"@type":"ListItem","position":1,"name":"Inicio","item":"https:\/\/colegioaleman.edu.co\/"},{"@type":"ListItem","position":2,"name":"Encuentro con jardines infantiles aliados: claves para fortalecer el bienestar docente y la educaci\u00f3n para la felicidad"}]},{"@type":"WebSite","@id":"https:\/\/colegioaleman.edu.co\/#website","url":"https:\/\/colegioaleman.edu.co\/","name":"German School of Barranquilla","description":"Colegio Alem\u00e1n de Barranquilla - Educaci\u00f3n Triling\u00fce Internacional","publisher":{"@id":"https:\/\/colegioaleman.edu.co\/#organization"},"potentialAction":[{"@type":"SearchAction","target":{"@type":"EntryPoint","urlTemplate":"https:\/\/colegioaleman.edu.co\/?s={search_term_string}"},"query-input":{"@type":"PropertyValueSpecification","valueRequired":true,"valueName":"search_term_string"}}],"inLanguage":"en-GB"},{"@type":"Organization","@id":"https:\/\/colegioaleman.edu.co\/#organization","name":"German School of Barranquilla","url":"https:\/\/colegioaleman.edu.co\/","logo":{"@type":"ImageObject","inLanguage":"en-GB","@id":"https:\/\/colegioaleman.edu.co\/#\/schema\/logo\/image\/","url":"https:\/\/webcolegioalemanweb.s3.us-east-2.amazonaws.com\/wp-content\/uploads\/2025\/05\/19131621\/cropped-cropped-iguana-3.png","contentUrl":"https:\/\/webcolegioalemanweb.s3.us-east-2.amazonaws.com\/wp-content\/uploads\/2025\/05\/19131621\/cropped-cropped-iguana-3.png","width":511,"height":360,"caption":"Colegio Alem\u00e1n de Barranquilla"},"image":{"@id":"https:\/\/colegioaleman.edu.co\/#\/schema\/logo\/image\/"},"sameAs":["https:\/\/www.facebook.com\/ColegioAlemanBaq","https:\/\/www.instagram.com\/colegioalemanbaq\/","https:\/\/www.youtube.com\/@Colegioalemanbaq"]},{"@type":"Person","@id":"https:\/\/colegioaleman.edu.co\/#\/schema\/person\/a3570e930ad02e6417acaf5b4cb97685","name":"sistemas","image":{"@type":"ImageObject","inLanguage":"en-GB","@id":"https:\/\/secure.gravatar.com\/avatar\/aeef59628e7b738975a2f47acb96a39003de09dcc227653c42ebb2f02e4e2a0c?s=96&d=mm&r=g","url":"https:\/\/secure.gravatar.com\/avatar\/aeef59628e7b738975a2f47acb96a39003de09dcc227653c42ebb2f02e4e2a0c?s=96&d=mm&r=g","contentUrl":"https:\/\/secure.gravatar.com\/avatar\/aeef59628e7b738975a2f47acb96a39003de09dcc227653c42ebb2f02e4e2a0c?s=96&d=mm&r=g","caption":"sistemas"},"sameAs":["https:\/\/colegioaleman.edu.co"],"url":"https:\/\/colegioaleman.edu.co\/en\/author\/sistemas\/"}]}},"_links":{"self":[{"href":"https:\/\/colegioaleman.edu.co\/en\/wp-json\/wp\/v2\/posts\/4156","targetHints":{"allow":["GET"]}}],"collection":[{"href":"https:\/\/colegioaleman.edu.co\/en\/wp-json\/wp\/v2\/posts"}],"about":[{"href":"https:\/\/colegioaleman.edu.co\/en\/wp-json\/wp\/v2\/types\/post"}],"author":[{"embeddable":true,"href":"https:\/\/colegioaleman.edu.co\/en\/wp-json\/wp\/v2\/users\/1"}],"replies":[{"embeddable":true,"href":"https:\/\/colegioaleman.edu.co\/en\/wp-json\/wp\/v2\/comments?post=4156"}],"version-history":[{"count":5,"href":"https:\/\/colegioaleman.edu.co\/en\/wp-json\/wp\/v2\/posts\/4156\/revisions"}],"predecessor-version":[{"id":4206,"href":"https:\/\/colegioaleman.edu.co\/en\/wp-json\/wp\/v2\/posts\/4156\/revisions\/4206"}],"wp:featuredmedia":[{"embeddable":true,"href":"https:\/\/colegioaleman.edu.co\/en\/wp-json\/wp\/v2\/media\/4194"}],"wp:attachment":[{"href":"https:\/\/colegioaleman.edu.co\/en\/wp-json\/wp\/v2\/media?parent=4156"}],"wp:term":[{"taxonomy":"category","embeddable":true,"href":"https:\/\/colegioaleman.edu.co\/en\/wp-json\/wp\/v2\/categories?post=4156"},{"taxonomy":"post_tag","embeddable":true,"href":"https:\/\/colegioaleman.edu.co\/en\/wp-json\/wp\/v2\/tags?post=4156"}],"curies":[{"name":"wp","href":"https:\/\/api.w.org\/{rel}","templated":true}]}}