{"id":4107,"date":"2026-04-22T08:46:45","date_gmt":"2026-04-22T13:46:45","guid":{"rendered":"https:\/\/colegioaleman.edu.co\/?p=4107"},"modified":"2026-04-22T09:27:44","modified_gmt":"2026-04-22T14:27:44","slug":"escuela-padres-hijos-colegio-aleman-barranquilla","status":"publish","type":"post","link":"https:\/\/colegioaleman.edu.co\/en\/noticias\/escuela-padres-hijos-colegio-aleman-barranquilla\/","title":{"rendered":"Escuela de Padres e Hijos: una apuesta del Colegio Alem\u00e1n de Barranquilla para fortalecer los v\u00ednculos familiares"},"content":{"rendered":"<div data-elementor-type=\"wp-post\" data-elementor-id=\"4107\" class=\"elementor elementor-4107\" data-elementor-post-type=\"post\">\n\t\t\t\t<div class=\"elementor-element elementor-element-caa3a4c e-flex e-con-boxed e-con e-parent\" data-id=\"caa3a4c\" data-element_type=\"container\" data-e-type=\"container\">\n\t\t\t\t\t<div class=\"e-con-inner\">\n\t\t\t\t<div class=\"elementor-element elementor-element-847209c elementor-widget elementor-widget-heading\" data-id=\"847209c\" data-element_type=\"widget\" data-e-type=\"widget\" data-widget_type=\"heading.default\">\n\t\t\t\t<div class=\"elementor-widget-container\">\n\t\t\t\t\t<h2 class=\"elementor-heading-title elementor-size-default\">Escuela de Padres e Hijos: una apuesta del Colegio Alem\u00e1n de Barranquilla para fortalecer los v\u00ednculos familiares<\/h2>\t\t\t\t<\/div>\n\t\t\t\t<\/div>\n\t\t\t\t\t<\/div>\n\t\t\t\t<\/div>\n\t\t<div class=\"elementor-element elementor-element-b8f3c23 e-flex e-con-boxed e-con e-parent\" data-id=\"b8f3c23\" data-element_type=\"container\" data-e-type=\"container\">\n\t\t\t\t\t<div class=\"e-con-inner\">\n\t\t\t\t<div class=\"elementor-element elementor-element-6d92b7e elementor-widget elementor-widget-text-editor\" data-id=\"6d92b7e\" data-element_type=\"widget\" data-e-type=\"widget\" data-widget_type=\"text-editor.default\">\n\t\t\t\t<div class=\"elementor-widget-container\">\n\t\t\t\t\t\t\t\t\t<h6><em>En abril, el Colegio dio un paso adelante en su estrategia de acompa\u00f1amiento familiar al integrar activamente a los estudiantes en sus tradicionales Escuelas de Padres.<\/em><\/h6>\t\t\t\t\t\t\t\t<\/div>\n\t\t\t\t<\/div>\n\t\t\t\t\t<\/div>\n\t\t\t\t<\/div>\n\t\t<div class=\"elementor-element elementor-element-8b6939e e-flex e-con-boxed e-con e-parent\" data-id=\"8b6939e\" data-element_type=\"container\" data-e-type=\"container\">\n\t\t\t\t\t<div class=\"e-con-inner\">\n\t\t<div class=\"elementor-element elementor-element-20d350b e-con-full e-flex e-con e-child\" data-id=\"20d350b\" data-element_type=\"container\" data-e-type=\"container\">\n\t\t\t\t<div class=\"elementor-element elementor-element-18687a5 elementor-widget elementor-widget-text-editor\" data-id=\"18687a5\" data-element_type=\"widget\" data-e-type=\"widget\" data-widget_type=\"text-editor.default\">\n\t\t\t\t<div class=\"elementor-widget-container\">\n\t\t\t\t\t\t\t\t\t<p data-start=\"251\" data-end=\"515\">En el Colegio Alem\u00e1n de Barranquilla seguimos apost\u00e1ndole a una formaci\u00f3n integral que trasciende el aula. Por eso, en abril desarrollamos una nueva edici\u00f3n de nuestra <strong data-start=\"431\" data-end=\"452\">Escuela de Padres<\/strong>, que en esta oportunidad marc\u00f3 un hito al integrar activamente a los estudiantes.<\/p><p data-start=\"251\" data-end=\"515\">Bajo el formato <strong data-start=\"552\" data-end=\"581\">Escuela de Padres e Hijos<\/strong>, propiciamos un espacio diferente, cercano y participativo, en el que las familias de las Klassen 7 y 8 compartieron experiencias, reflexiones y herramientas pr\u00e1cticas para la vida cotidiana.<\/p><p data-start=\"251\" data-end=\"515\">Las jornadas, lideradas por nuestra \u00e1rea de <strong data-start=\"819\" data-end=\"842\">Convivencia Escolar<\/strong>, giraron en torno al taller vivencial <em data-start=\"881\" data-end=\"960\">\u201cDe la alerta a la acci\u00f3n: transformando el hogar en territorio de confianza\u201d<\/em>, un encuentro dise\u00f1ado para fortalecer la comunicaci\u00f3n, promover la confianza y brindar recursos \u00fatiles para el acompa\u00f1amiento en casa.<\/p><p data-start=\"251\" data-end=\"515\">El taller fue orientado por Simulacros Humanos, firma especializada en metodolog\u00edas experienciales, lo que permiti\u00f3 generar conversaciones aut\u00e9nticas y aprendizajes significativos entre padres, madres e hijos.<\/p>\t\t\t\t\t\t\t\t<\/div>\n\t\t\t\t<\/div>\n\t\t\t\t<\/div>\n\t\t<div class=\"elementor-element elementor-element-406c261 e-con-full e-flex e-con e-child\" data-id=\"406c261\" data-element_type=\"container\" data-e-type=\"container\">\n\t\t\t\t<div class=\"elementor-element elementor-element-c07a0dd elementor-widget elementor-widget-image\" data-id=\"c07a0dd\" data-element_type=\"widget\" data-e-type=\"widget\" data-widget_type=\"image.default\">\n\t\t\t\t<div class=\"elementor-widget-container\">\n\t\t\t\t\t\t\t\t\t\t\t\t<figure class=\"wp-caption\">\n\t\t\t\t\t\t\t\t\t\t<img decoding=\"async\" src=\"https:\/\/webcolegioalemanweb.s3.us-east-2.amazonaws.com\/wp-content\/uploads\/2026\/04\/22085126\/web_escuela-padres-e-hijos-colegio-aleman-e1776867767222.webp\" title=\"web_escuela padres e hijos colegio alem\u00e1n\" alt=\"Padres e hijos de las Klassen 7 y 8 fueron los primeros en vivir esta experiencia innovadora.\" loading=\"lazy\" \/>\t\t\t\t\t\t\t\t\t\t\t<figcaption class=\"widget-image-caption wp-caption-text\">Padres e hijos de las Klassen 7 y 8 fueron los primeros en vivir esta experiencia innovadora.<\/figcaption>\n\t\t\t\t\t\t\t\t\t\t<\/figure>\n\t\t\t\t\t\t\t\t\t<\/div>\n\t\t\t\t<\/div>\n\t\t\t\t<\/div>\n\t\t\t\t\t<\/div>\n\t\t\t\t<\/div>\n\t\t<div class=\"elementor-element elementor-element-ff721a3 e-flex e-con-boxed e-con e-parent\" data-id=\"ff721a3\" data-element_type=\"container\" data-e-type=\"container\">\n\t\t\t\t\t<div class=\"e-con-inner\">\n\t\t<div class=\"elementor-element elementor-element-e6f1e47 e-con-full e-flex e-con e-child\" data-id=\"e6f1e47\" data-element_type=\"container\" data-e-type=\"container\">\n\t\t\t\t<div class=\"elementor-element elementor-element-88ad157 elementor-widget elementor-widget-text-editor\" data-id=\"88ad157\" data-element_type=\"widget\" data-e-type=\"widget\" data-widget_type=\"text-editor.default\">\n\t\t\t\t<div class=\"elementor-widget-container\">\n\t\t\t\t\t\t\t\t\t<p>M\u00e1s que un espacio formativo, fue una oportunidad para escucharse, comprenderse y construir juntos. De esta forma, adem\u00e1s de impulsar la participaci\u00f3n m\u00e1s activa de las familias, tambi\u00e9n reconocemos a nuestros estudiantes como protagonistas en la construcci\u00f3n de relaciones sanas y entornos seguros.<\/p>\t\t\t\t\t\t\t\t<\/div>\n\t\t\t\t<\/div>\n\t\t\t\t<\/div>\n\t\t<div class=\"elementor-element elementor-element-b618ac5 e-con-full e-flex e-con e-child\" data-id=\"b618ac5\" data-element_type=\"container\" data-e-type=\"container\">\n\t\t\t\t<div class=\"elementor-element elementor-element-65b41a2 elementor-widget elementor-widget-text-editor\" data-id=\"65b41a2\" data-element_type=\"widget\" data-e-type=\"widget\" data-widget_type=\"text-editor.default\">\n\t\t\t\t<div class=\"elementor-widget-container\">\n\t\t\t\t\t\t\t\t\t<p>En nuestro Colegio, estamos convencidos de que cuando familia e instituci\u00f3n trabajan de la mano, se crean bases s\u00f3lidas para el bienestar y el desarrollo de ni\u00f1os y j\u00f3venes. No hay duda de que continuaremos promoviendo este tipo de espacios que fortalecen la convivencia escolar y los v\u00ednculos familiares.<\/p>\t\t\t\t\t\t\t\t<\/div>\n\t\t\t\t<\/div>\n\t\t\t\t<\/div>\n\t\t\t\t\t<\/div>\n\t\t\t\t<\/div>\n\t\t<div class=\"elementor-element elementor-element-6fb0888 e-flex e-con-boxed e-con e-parent\" data-id=\"6fb0888\" data-element_type=\"container\" data-e-type=\"container\">\n\t\t\t\t\t<div class=\"e-con-inner\">\n\t\t\t\t<div class=\"elementor-element elementor-element-fccb9f7 elementor-widget-divider--view-line elementor-widget elementor-widget-divider\" data-id=\"fccb9f7\" data-element_type=\"widget\" data-e-type=\"widget\" data-widget_type=\"divider.default\">\n\t\t\t\t<div class=\"elementor-widget-container\">\n\t\t\t\t\t\t\t<div class=\"elementor-divider\">\n\t\t\t<span class=\"elementor-divider-separator\">\n\t\t\t\t\t\t<\/span>\n\t\t<\/div>\n\t\t\t\t\t\t<\/div>\n\t\t\t\t<\/div>\n\t\t\t\t\t<\/div>\n\t\t\t\t<\/div>\n\t\t\t\t<\/div>","protected":false},"excerpt":{"rendered":"<p>En abril, el Colegio Alem\u00e1n de Barranquilla innov\u00f3 con su Escuela de Padres e Hijos, integrando a estudiantes y familias en un espacio para fortalecer la comunicaci\u00f3n, la confianza y los v\u00ednculos familiares.<\/p>","protected":false},"author":1,"featured_media":4109,"comment_status":"closed","ping_status":"closed","sticky":false,"template":"","format":"standard","meta":{"footnotes":""},"categories":[12],"tags":[58,55,50,57,51,54,49,53,56,52],"class_list":["post-4107","post","type-post","status-publish","format-standard","has-post-thumbnail","hentry","category-noticias","tag-barranquilla","tag-bienestar-estudiantil","tag-colegio-aleman-de-barranquilla","tag-comunicacion-familiar","tag-convivencia-escolar","tag-educacion-emocional","tag-escuela-de-padres-e-hijos","tag-familia-y-colegio","tag-formacion-integral","tag-vinculos-familiares"],"yoast_head":"<!-- This site is optimized with the Yoast SEO plugin v27.4 - https:\/\/yoast.com\/product\/yoast-seo-wordpress\/ -->\n<title>Escuela de Padres e Hijos: una apuesta del Colegio Alem\u00e1n de Barranquilla para fortalecer los v\u00ednculos familiares - Colegio Alem\u00e1n de Barranquilla<\/title>\n<meta name=\"robots\" content=\"index, follow, max-snippet:-1, max-image-preview:large, max-video-preview:-1\" \/>\n<link rel=\"canonical\" href=\"https:\/\/colegioaleman.edu.co\/en\/noticias\/escuela-padres-hijos-colegio-aleman-barranquilla\/\" \/>\n<meta property=\"og:locale\" content=\"en_GB\" \/>\n<meta property=\"og:type\" content=\"article\" \/>\n<meta property=\"og:title\" content=\"Escuela de Padres e Hijos: una apuesta del Colegio Alem\u00e1n de Barranquilla para fortalecer los v\u00ednculos familiares - Colegio Alem\u00e1n de Barranquilla\" \/>\n<meta property=\"og:description\" content=\"En abril, el Colegio Alem\u00e1n de Barranquilla innov\u00f3 con su Escuela de Padres e Hijos, integrando a estudiantes y familias en un espacio para fortalecer la comunicaci\u00f3n, la confianza y los v\u00ednculos familiares.\" \/>\n<meta property=\"og:url\" content=\"https:\/\/colegioaleman.edu.co\/en\/noticias\/escuela-padres-hijos-colegio-aleman-barranquilla\/\" \/>\n<meta property=\"og:site_name\" content=\"Colegio Alem\u00e1n de Barranquilla\" \/>\n<meta property=\"article:publisher\" content=\"https:\/\/www.facebook.com\/ColegioAlemanBaq\" \/>\n<meta property=\"article:published_time\" content=\"2026-04-22T13:46:45+00:00\" \/>\n<meta property=\"article:modified_time\" content=\"2026-04-22T14:27:44+00:00\" \/>\n<meta property=\"og:image\" content=\"https:\/\/webcolegioalemanweb.s3.us-east-2.amazonaws.com\/wp-content\/uploads\/2026\/04\/22085126\/web_escuela-padres-e-hijos-colegio-aleman-e1776867767222.webp\" \/>\n\t<meta property=\"og:image:width\" content=\"1047\" \/>\n\t<meta property=\"og:image:height\" content=\"810\" \/>\n\t<meta property=\"og:image:type\" content=\"image\/webp\" \/>\n<meta name=\"author\" content=\"sistemas\" \/>\n<meta name=\"twitter:card\" content=\"summary_large_image\" \/>\n<meta name=\"twitter:label1\" content=\"Written by\" \/>\n\t<meta name=\"twitter:data1\" content=\"sistemas\" \/>\n\t<meta name=\"twitter:label2\" content=\"Estimated reading time\" \/>\n\t<meta name=\"twitter:data2\" content=\"2 minutes\" \/>\n<script type=\"application\/ld+json\" class=\"yoast-schema-graph\">{\"@context\":\"https:\\\/\\\/schema.org\",\"@graph\":[{\"@type\":\"Article\",\"@id\":\"https:\\\/\\\/colegioaleman.edu.co\\\/noticias\\\/escuela-padres-hijos-colegio-aleman-barranquilla\\\/#article\",\"isPartOf\":{\"@id\":\"https:\\\/\\\/colegioaleman.edu.co\\\/noticias\\\/escuela-padres-hijos-colegio-aleman-barranquilla\\\/\"},\"author\":{\"name\":\"sistemas\",\"@id\":\"https:\\\/\\\/colegioaleman.edu.co\\\/#\\\/schema\\\/person\\\/a3570e930ad02e6417acaf5b4cb97685\"},\"headline\":\"Escuela de Padres e Hijos: una apuesta del Colegio Alem\u00e1n de Barranquilla para fortalecer los v\u00ednculos familiares\",\"datePublished\":\"2026-04-22T13:46:45+00:00\",\"dateModified\":\"2026-04-22T14:27:44+00:00\",\"mainEntityOfPage\":{\"@id\":\"https:\\\/\\\/colegioaleman.edu.co\\\/noticias\\\/escuela-padres-hijos-colegio-aleman-barranquilla\\\/\"},\"wordCount\":343,\"publisher\":{\"@id\":\"https:\\\/\\\/colegioaleman.edu.co\\\/#organization\"},\"image\":{\"@id\":\"https:\\\/\\\/colegioaleman.edu.co\\\/noticias\\\/escuela-padres-hijos-colegio-aleman-barranquilla\\\/#primaryimage\"},\"thumbnailUrl\":\"https:\\\/\\\/webcolegioalemanweb.s3.us-east-2.amazonaws.com\\\/wp-content\\\/uploads\\\/2026\\\/04\\\/22085126\\\/web_escuela-padres-e-hijos-colegio-aleman-e1776867767222.webp\",\"keywords\":[\"Barranquilla\",\"Bienestar estudiantil\",\"Colegio Alem\u00e1n de Barranquilla\",\"Comunicaci\u00f3n familiar\",\"Convivencia Escolar\",\"Educaci\u00f3n emocional\",\"Escuela de Padres e Hijos\",\"Familia y colegio\",\"Formaci\u00f3n integral\",\"V\u00ednculos familiares\"],\"articleSection\":[\"Noticias\"],\"inLanguage\":\"en-GB\"},{\"@type\":\"WebPage\",\"@id\":\"https:\\\/\\\/colegioaleman.edu.co\\\/noticias\\\/escuela-padres-hijos-colegio-aleman-barranquilla\\\/\",\"url\":\"https:\\\/\\\/colegioaleman.edu.co\\\/noticias\\\/escuela-padres-hijos-colegio-aleman-barranquilla\\\/\",\"name\":\"Escuela de Padres e Hijos: una apuesta del Colegio Alem\u00e1n de Barranquilla para fortalecer los v\u00ednculos familiares - Colegio Alem\u00e1n de Barranquilla\",\"isPartOf\":{\"@id\":\"https:\\\/\\\/colegioaleman.edu.co\\\/#website\"},\"primaryImageOfPage\":{\"@id\":\"https:\\\/\\\/colegioaleman.edu.co\\\/noticias\\\/escuela-padres-hijos-colegio-aleman-barranquilla\\\/#primaryimage\"},\"image\":{\"@id\":\"https:\\\/\\\/colegioaleman.edu.co\\\/noticias\\\/escuela-padres-hijos-colegio-aleman-barranquilla\\\/#primaryimage\"},\"thumbnailUrl\":\"https:\\\/\\\/webcolegioalemanweb.s3.us-east-2.amazonaws.com\\\/wp-content\\\/uploads\\\/2026\\\/04\\\/22085126\\\/web_escuela-padres-e-hijos-colegio-aleman-e1776867767222.webp\",\"datePublished\":\"2026-04-22T13:46:45+00:00\",\"dateModified\":\"2026-04-22T14:27:44+00:00\",\"breadcrumb\":{\"@id\":\"https:\\\/\\\/colegioaleman.edu.co\\\/noticias\\\/escuela-padres-hijos-colegio-aleman-barranquilla\\\/#breadcrumb\"},\"inLanguage\":\"en-GB\",\"potentialAction\":[{\"@type\":\"ReadAction\",\"target\":[\"https:\\\/\\\/colegioaleman.edu.co\\\/noticias\\\/escuela-padres-hijos-colegio-aleman-barranquilla\\\/\"]}]},{\"@type\":\"ImageObject\",\"inLanguage\":\"en-GB\",\"@id\":\"https:\\\/\\\/colegioaleman.edu.co\\\/noticias\\\/escuela-padres-hijos-colegio-aleman-barranquilla\\\/#primaryimage\",\"url\":\"https:\\\/\\\/webcolegioalemanweb.s3.us-east-2.amazonaws.com\\\/wp-content\\\/uploads\\\/2026\\\/04\\\/22085126\\\/web_escuela-padres-e-hijos-colegio-aleman-e1776867767222.webp\",\"contentUrl\":\"https:\\\/\\\/webcolegioalemanweb.s3.us-east-2.amazonaws.com\\\/wp-content\\\/uploads\\\/2026\\\/04\\\/22085126\\\/web_escuela-padres-e-hijos-colegio-aleman-e1776867767222.webp\",\"width\":1047,\"height\":810,\"caption\":\"Padres e hijos de las Klassen 7 y 8 fueron los primeros en vivir esta experiencia innovadora.\"},{\"@type\":\"BreadcrumbList\",\"@id\":\"https:\\\/\\\/colegioaleman.edu.co\\\/noticias\\\/escuela-padres-hijos-colegio-aleman-barranquilla\\\/#breadcrumb\",\"itemListElement\":[{\"@type\":\"ListItem\",\"position\":1,\"name\":\"Inicio\",\"item\":\"https:\\\/\\\/colegioaleman.edu.co\\\/\"},{\"@type\":\"ListItem\",\"position\":2,\"name\":\"Escuela de Padres e Hijos: una apuesta del Colegio Alem\u00e1n de Barranquilla para fortalecer los v\u00ednculos familiares\"}]},{\"@type\":\"WebSite\",\"@id\":\"https:\\\/\\\/colegioaleman.edu.co\\\/#website\",\"url\":\"https:\\\/\\\/colegioaleman.edu.co\\\/\",\"name\":\"Colegio Alem\u00e1n de Barranquilla\",\"description\":\"Colegio Alem\u00e1n de Barranquilla - Educaci\u00f3n Triling\u00fce Internacional\",\"publisher\":{\"@id\":\"https:\\\/\\\/colegioaleman.edu.co\\\/#organization\"},\"potentialAction\":[{\"@type\":\"SearchAction\",\"target\":{\"@type\":\"EntryPoint\",\"urlTemplate\":\"https:\\\/\\\/colegioaleman.edu.co\\\/?s={search_term_string}\"},\"query-input\":{\"@type\":\"PropertyValueSpecification\",\"valueRequired\":true,\"valueName\":\"search_term_string\"}}],\"inLanguage\":\"en-GB\"},{\"@type\":\"Organization\",\"@id\":\"https:\\\/\\\/colegioaleman.edu.co\\\/#organization\",\"name\":\"Colegio Alem\u00e1n de Barranquilla\",\"url\":\"https:\\\/\\\/colegioaleman.edu.co\\\/\",\"logo\":{\"@type\":\"ImageObject\",\"inLanguage\":\"en-GB\",\"@id\":\"https:\\\/\\\/colegioaleman.edu.co\\\/#\\\/schema\\\/logo\\\/image\\\/\",\"url\":\"https:\\\/\\\/webcolegioalemanweb.s3.us-east-2.amazonaws.com\\\/wp-content\\\/uploads\\\/2025\\\/05\\\/19131621\\\/cropped-cropped-iguana-3.png\",\"contentUrl\":\"https:\\\/\\\/webcolegioalemanweb.s3.us-east-2.amazonaws.com\\\/wp-content\\\/uploads\\\/2025\\\/05\\\/19131621\\\/cropped-cropped-iguana-3.png\",\"width\":511,\"height\":360,\"caption\":\"Colegio Alem\u00e1n de Barranquilla\"},\"image\":{\"@id\":\"https:\\\/\\\/colegioaleman.edu.co\\\/#\\\/schema\\\/logo\\\/image\\\/\"},\"sameAs\":[\"https:\\\/\\\/www.facebook.com\\\/ColegioAlemanBaq\",\"https:\\\/\\\/www.instagram.com\\\/colegioalemanbaq\\\/\",\"https:\\\/\\\/www.youtube.com\\\/@Colegioalemanbaq\"]},{\"@type\":\"Person\",\"@id\":\"https:\\\/\\\/colegioaleman.edu.co\\\/#\\\/schema\\\/person\\\/a3570e930ad02e6417acaf5b4cb97685\",\"name\":\"sistemas\",\"image\":{\"@type\":\"ImageObject\",\"inLanguage\":\"en-GB\",\"@id\":\"https:\\\/\\\/secure.gravatar.com\\\/avatar\\\/aeef59628e7b738975a2f47acb96a39003de09dcc227653c42ebb2f02e4e2a0c?s=96&d=mm&r=g\",\"url\":\"https:\\\/\\\/secure.gravatar.com\\\/avatar\\\/aeef59628e7b738975a2f47acb96a39003de09dcc227653c42ebb2f02e4e2a0c?s=96&d=mm&r=g\",\"contentUrl\":\"https:\\\/\\\/secure.gravatar.com\\\/avatar\\\/aeef59628e7b738975a2f47acb96a39003de09dcc227653c42ebb2f02e4e2a0c?s=96&d=mm&r=g\",\"caption\":\"sistemas\"},\"sameAs\":[\"https:\\\/\\\/colegioaleman.edu.co\"],\"url\":\"https:\\\/\\\/colegioaleman.edu.co\\\/en\\\/author\\\/sistemas\\\/\"}]}<\/script>\n<!-- \/ Yoast SEO plugin. -->","yoast_head_json":{"title":"Escuela de Padres e Hijos: una apuesta del Colegio Alem\u00e1n de Barranquilla para fortalecer los v\u00ednculos familiares - Colegio Alem\u00e1n de Barranquilla","robots":{"index":"index","follow":"follow","max-snippet":"max-snippet:-1","max-image-preview":"max-image-preview:large","max-video-preview":"max-video-preview:-1"},"canonical":"https:\/\/colegioaleman.edu.co\/en\/noticias\/escuela-padres-hijos-colegio-aleman-barranquilla\/","og_locale":"en_GB","og_type":"article","og_title":"Escuela de Padres e Hijos: una apuesta del Colegio Alem\u00e1n de Barranquilla para fortalecer los v\u00ednculos familiares - Colegio Alem\u00e1n de Barranquilla","og_description":"En abril, el Colegio Alem\u00e1n de Barranquilla innov\u00f3 con su Escuela de Padres e Hijos, integrando a estudiantes y familias en un espacio para fortalecer la comunicaci\u00f3n, la confianza y los v\u00ednculos familiares.","og_url":"https:\/\/colegioaleman.edu.co\/en\/noticias\/escuela-padres-hijos-colegio-aleman-barranquilla\/","og_site_name":"Colegio Alem\u00e1n de Barranquilla","article_publisher":"https:\/\/www.facebook.com\/ColegioAlemanBaq","article_published_time":"2026-04-22T13:46:45+00:00","article_modified_time":"2026-04-22T14:27:44+00:00","og_image":[{"width":1047,"height":810,"url":"https:\/\/webcolegioalemanweb.s3.us-east-2.amazonaws.com\/wp-content\/uploads\/2026\/04\/22085126\/web_escuela-padres-e-hijos-colegio-aleman-e1776867767222.webp","type":"image\/webp"}],"author":"sistemas","twitter_card":"summary_large_image","twitter_misc":{"Written by":"sistemas","Estimated reading time":"2 minutes"},"schema":{"@context":"https:\/\/schema.org","@graph":[{"@type":"Article","@id":"https:\/\/colegioaleman.edu.co\/noticias\/escuela-padres-hijos-colegio-aleman-barranquilla\/#article","isPartOf":{"@id":"https:\/\/colegioaleman.edu.co\/noticias\/escuela-padres-hijos-colegio-aleman-barranquilla\/"},"author":{"name":"sistemas","@id":"https:\/\/colegioaleman.edu.co\/#\/schema\/person\/a3570e930ad02e6417acaf5b4cb97685"},"headline":"Escuela de Padres e Hijos: una apuesta del Colegio Alem\u00e1n de Barranquilla para fortalecer los v\u00ednculos familiares","datePublished":"2026-04-22T13:46:45+00:00","dateModified":"2026-04-22T14:27:44+00:00","mainEntityOfPage":{"@id":"https:\/\/colegioaleman.edu.co\/noticias\/escuela-padres-hijos-colegio-aleman-barranquilla\/"},"wordCount":343,"publisher":{"@id":"https:\/\/colegioaleman.edu.co\/#organization"},"image":{"@id":"https:\/\/colegioaleman.edu.co\/noticias\/escuela-padres-hijos-colegio-aleman-barranquilla\/#primaryimage"},"thumbnailUrl":"https:\/\/webcolegioalemanweb.s3.us-east-2.amazonaws.com\/wp-content\/uploads\/2026\/04\/22085126\/web_escuela-padres-e-hijos-colegio-aleman-e1776867767222.webp","keywords":["Barranquilla","Bienestar estudiantil","Colegio Alem\u00e1n de Barranquilla","Comunicaci\u00f3n familiar","Convivencia Escolar","Educaci\u00f3n emocional","Escuela de Padres e Hijos","Familia y colegio","Formaci\u00f3n integral","V\u00ednculos familiares"],"articleSection":["Noticias"],"inLanguage":"en-GB"},{"@type":"WebPage","@id":"https:\/\/colegioaleman.edu.co\/noticias\/escuela-padres-hijos-colegio-aleman-barranquilla\/","url":"https:\/\/colegioaleman.edu.co\/noticias\/escuela-padres-hijos-colegio-aleman-barranquilla\/","name":"Escuela de Padres e Hijos: una apuesta del Colegio Alem\u00e1n de Barranquilla para fortalecer los v\u00ednculos familiares - Colegio Alem\u00e1n de Barranquilla","isPartOf":{"@id":"https:\/\/colegioaleman.edu.co\/#website"},"primaryImageOfPage":{"@id":"https:\/\/colegioaleman.edu.co\/noticias\/escuela-padres-hijos-colegio-aleman-barranquilla\/#primaryimage"},"image":{"@id":"https:\/\/colegioaleman.edu.co\/noticias\/escuela-padres-hijos-colegio-aleman-barranquilla\/#primaryimage"},"thumbnailUrl":"https:\/\/webcolegioalemanweb.s3.us-east-2.amazonaws.com\/wp-content\/uploads\/2026\/04\/22085126\/web_escuela-padres-e-hijos-colegio-aleman-e1776867767222.webp","datePublished":"2026-04-22T13:46:45+00:00","dateModified":"2026-04-22T14:27:44+00:00","breadcrumb":{"@id":"https:\/\/colegioaleman.edu.co\/noticias\/escuela-padres-hijos-colegio-aleman-barranquilla\/#breadcrumb"},"inLanguage":"en-GB","potentialAction":[{"@type":"ReadAction","target":["https:\/\/colegioaleman.edu.co\/noticias\/escuela-padres-hijos-colegio-aleman-barranquilla\/"]}]},{"@type":"ImageObject","inLanguage":"en-GB","@id":"https:\/\/colegioaleman.edu.co\/noticias\/escuela-padres-hijos-colegio-aleman-barranquilla\/#primaryimage","url":"https:\/\/webcolegioalemanweb.s3.us-east-2.amazonaws.com\/wp-content\/uploads\/2026\/04\/22085126\/web_escuela-padres-e-hijos-colegio-aleman-e1776867767222.webp","contentUrl":"https:\/\/webcolegioalemanweb.s3.us-east-2.amazonaws.com\/wp-content\/uploads\/2026\/04\/22085126\/web_escuela-padres-e-hijos-colegio-aleman-e1776867767222.webp","width":1047,"height":810,"caption":"Padres e hijos de las Klassen 7 y 8 fueron los primeros en vivir esta experiencia innovadora."},{"@type":"BreadcrumbList","@id":"https:\/\/colegioaleman.edu.co\/noticias\/escuela-padres-hijos-colegio-aleman-barranquilla\/#breadcrumb","itemListElement":[{"@type":"ListItem","position":1,"name":"Inicio","item":"https:\/\/colegioaleman.edu.co\/"},{"@type":"ListItem","position":2,"name":"Escuela de Padres e Hijos: una apuesta del Colegio Alem\u00e1n de Barranquilla para fortalecer los v\u00ednculos familiares"}]},{"@type":"WebSite","@id":"https:\/\/colegioaleman.edu.co\/#website","url":"https:\/\/colegioaleman.edu.co\/","name":"German School of Barranquilla","description":"Colegio Alem\u00e1n de Barranquilla - Educaci\u00f3n Triling\u00fce Internacional","publisher":{"@id":"https:\/\/colegioaleman.edu.co\/#organization"},"potentialAction":[{"@type":"SearchAction","target":{"@type":"EntryPoint","urlTemplate":"https:\/\/colegioaleman.edu.co\/?s={search_term_string}"},"query-input":{"@type":"PropertyValueSpecification","valueRequired":true,"valueName":"search_term_string"}}],"inLanguage":"en-GB"},{"@type":"Organization","@id":"https:\/\/colegioaleman.edu.co\/#organization","name":"German School of Barranquilla","url":"https:\/\/colegioaleman.edu.co\/","logo":{"@type":"ImageObject","inLanguage":"en-GB","@id":"https:\/\/colegioaleman.edu.co\/#\/schema\/logo\/image\/","url":"https:\/\/webcolegioalemanweb.s3.us-east-2.amazonaws.com\/wp-content\/uploads\/2025\/05\/19131621\/cropped-cropped-iguana-3.png","contentUrl":"https:\/\/webcolegioalemanweb.s3.us-east-2.amazonaws.com\/wp-content\/uploads\/2025\/05\/19131621\/cropped-cropped-iguana-3.png","width":511,"height":360,"caption":"Colegio Alem\u00e1n de Barranquilla"},"image":{"@id":"https:\/\/colegioaleman.edu.co\/#\/schema\/logo\/image\/"},"sameAs":["https:\/\/www.facebook.com\/ColegioAlemanBaq","https:\/\/www.instagram.com\/colegioalemanbaq\/","https:\/\/www.youtube.com\/@Colegioalemanbaq"]},{"@type":"Person","@id":"https:\/\/colegioaleman.edu.co\/#\/schema\/person\/a3570e930ad02e6417acaf5b4cb97685","name":"sistemas","image":{"@type":"ImageObject","inLanguage":"en-GB","@id":"https:\/\/secure.gravatar.com\/avatar\/aeef59628e7b738975a2f47acb96a39003de09dcc227653c42ebb2f02e4e2a0c?s=96&d=mm&r=g","url":"https:\/\/secure.gravatar.com\/avatar\/aeef59628e7b738975a2f47acb96a39003de09dcc227653c42ebb2f02e4e2a0c?s=96&d=mm&r=g","contentUrl":"https:\/\/secure.gravatar.com\/avatar\/aeef59628e7b738975a2f47acb96a39003de09dcc227653c42ebb2f02e4e2a0c?s=96&d=mm&r=g","caption":"sistemas"},"sameAs":["https:\/\/colegioaleman.edu.co"],"url":"https:\/\/colegioaleman.edu.co\/en\/author\/sistemas\/"}]}},"_links":{"self":[{"href":"https:\/\/colegioaleman.edu.co\/en\/wp-json\/wp\/v2\/posts\/4107","targetHints":{"allow":["GET"]}}],"collection":[{"href":"https:\/\/colegioaleman.edu.co\/en\/wp-json\/wp\/v2\/posts"}],"about":[{"href":"https:\/\/colegioaleman.edu.co\/en\/wp-json\/wp\/v2\/types\/post"}],"author":[{"embeddable":true,"href":"https:\/\/colegioaleman.edu.co\/en\/wp-json\/wp\/v2\/users\/1"}],"replies":[{"embeddable":true,"href":"https:\/\/colegioaleman.edu.co\/en\/wp-json\/wp\/v2\/comments?post=4107"}],"version-history":[{"count":5,"href":"https:\/\/colegioaleman.edu.co\/en\/wp-json\/wp\/v2\/posts\/4107\/revisions"}],"predecessor-version":[{"id":4151,"href":"https:\/\/colegioaleman.edu.co\/en\/wp-json\/wp\/v2\/posts\/4107\/revisions\/4151"}],"wp:featuredmedia":[{"embeddable":true,"href":"https:\/\/colegioaleman.edu.co\/en\/wp-json\/wp\/v2\/media\/4109"}],"wp:attachment":[{"href":"https:\/\/colegioaleman.edu.co\/en\/wp-json\/wp\/v2\/media?parent=4107"}],"wp:term":[{"taxonomy":"category","embeddable":true,"href":"https:\/\/colegioaleman.edu.co\/en\/wp-json\/wp\/v2\/categories?post=4107"},{"taxonomy":"post_tag","embeddable":true,"href":"https:\/\/colegioaleman.edu.co\/en\/wp-json\/wp\/v2\/tags?post=4107"}],"curies":[{"name":"wp","href":"https:\/\/api.w.org\/{rel}","templated":true}]}}